{"id":2354,"date":"2013-01-14T15:09:29","date_gmt":"2013-01-14T13:09:29","guid":{"rendered":"http:\/\/www.szh.hr\/?p=2354"},"modified":"2013-01-14T15:09:29","modified_gmt":"2013-01-14T13:09:29","slug":"krsenje-europske-socijalne-povelje","status":"publish","type":"post","link":"https:\/\/www.szh.hr\/index.php\/2013\/01\/14\/krsenje-europske-socijalne-povelje\/","title":{"rendered":"Kr\u0161enje Europske socijalne povelje"},"content":{"rendered":"<p><a href=\"http:\/\/www.szh.hr\/wp-content\/uploads\/2013\/01\/eu-law.jpg\" rel=\"lightbox[pics2354]\" title=\"Europska socijalna povelja\"><img loading=\"lazy\" decoding=\"async\" src=\"http:\/\/www.szh.hr\/wp-content\/uploads\/2013\/01\/eu-law.thumbnail.jpg\" alt=\"Europska socijalna povelja\" width=\"100\" height=\"65\" class=\"attachment wp-att-2360 alignleft\" \/><\/a>Sindikat infrastrukture H\u017d-a i Sindikat \u017eeljezni\u010dara Hrvatske javno su poru\u010dili Upravi H\u017d Infrastrukture i Ministarstvu mora, prometa i infrastrukture  da ne\u0107e dozvoliti zastra\u0161ivanje i protuzakonito postupanje prema svojim \u010dlanovima zbog tra\u017eenja njihovih zakonskih prava. Za\u0161titu prava svojih \u010dlanova potra\u017eit \u0107e i na europskoj razini.<\/p>\n<p>Prije 50 godina ustanovljena je Europska socijalna povelja. Hrvatska je Europsku socijalnu povelju potpisala 8. o\u017eujka 1999. godine, kao i tri njena protokola. Hrvatski sabor na sjednici 20. studenoga 2002. donio je Zakon o potvr\u0111ivanju Europske socijalne povelje, Dodatnog protokola Europskoj socijalnoj povelji, Protokola o izmjenama Europske socijalne povelje i Dodatnog protokola Europskoj socijalnoj povelji kojim se uspostavlja sustav kolektivnih \u017ealbi. <\/p>\n<p>Povelja predstavlja minimalni europski konsenzus oko prava radnika, utvr\u0111uje prava i slobode svih pojedinaca i uspostavlja sustav nadzora koji jam\u010di njihovo po\u0161tivanje od strane dr\u017eava stranaka.<\/p>\n<p>Kr\u0161enje me\u0111unarodno preuzetih obaveza i kr\u0161enje odredbi me\u0111unarodnog prava, nije samo problem sindikata na \u017eeljeznici i Hrvatske ve\u0107 i europskih institucija.<\/p>\n<p><a href=\"http:\/\/www.szh.hr\/wp-content\/uploads\/2013\/01\/6.pdf\"><strong>Dopis Delegaciji Europske unije u RH (PDF) <\/strong><\/a><\/p>\n","protected":false},"excerpt":{"rendered":"<p>Sindikat infrastrukture H\u017d-a i Sindikat \u017eeljezni\u010dara Hrvatske javno su poru\u010dili Upravi H\u017d Infrastrukture i Ministarstvu mora, prometa i infrastrukture da ne\u0107e dozvoliti zastra\u0161ivanje i protuzakonito postupanje prema svojim \u010dlanovima zbog tra\u017eenja njihovih zakonskih prava. Za\u0161titu prava svojih \u010dlanova potra\u017eit \u0107e i na europskoj razini. Prije 50 godina ustanovljena je Europska socijalna povelja. Hrvatska je Europsku [&hellip;]<\/p>\n","protected":false},"author":1,"featured_media":0,"comment_status":"closed","ping_status":"closed","sticky":false,"template":"","format":"standard","meta":{"_et_pb_use_builder":"","_et_pb_old_content":"","_et_gb_content_width":"","footnotes":""},"categories":[16],"tags":[],"class_list":["post-2354","post","type-post","status-publish","format-standard","hentry","category-aktualno"],"_links":{"self":[{"href":"https:\/\/www.szh.hr\/index.php\/wp-json\/wp\/v2\/posts\/2354","targetHints":{"allow":["GET"]}}],"collection":[{"href":"https:\/\/www.szh.hr\/index.php\/wp-json\/wp\/v2\/posts"}],"about":[{"href":"https:\/\/www.szh.hr\/index.php\/wp-json\/wp\/v2\/types\/post"}],"author":[{"embeddable":true,"href":"https:\/\/www.szh.hr\/index.php\/wp-json\/wp\/v2\/users\/1"}],"replies":[{"embeddable":true,"href":"https:\/\/www.szh.hr\/index.php\/wp-json\/wp\/v2\/comments?post=2354"}],"version-history":[{"count":0,"href":"https:\/\/www.szh.hr\/index.php\/wp-json\/wp\/v2\/posts\/2354\/revisions"}],"wp:attachment":[{"href":"https:\/\/www.szh.hr\/index.php\/wp-json\/wp\/v2\/media?parent=2354"}],"wp:term":[{"taxonomy":"category","embeddable":true,"href":"https:\/\/www.szh.hr\/index.php\/wp-json\/wp\/v2\/categories?post=2354"},{"taxonomy":"post_tag","embeddable":true,"href":"https:\/\/www.szh.hr\/index.php\/wp-json\/wp\/v2\/tags?post=2354"}],"curies":[{"name":"wp","href":"https:\/\/api.w.org\/{rel}","templated":true}]}}