{"id":3321,"date":"2013-12-02T07:03:20","date_gmt":"2013-12-02T05:03:20","guid":{"rendered":"http:\/\/www.szh.hr\/?p=3321"},"modified":"2013-12-02T07:03:20","modified_gmt":"2013-12-02T05:03:20","slug":"prosvjed-upozorenja-protiv-izmjene-zor-a","status":"publish","type":"post","link":"https:\/\/www.szh.hr\/index.php\/2013\/12\/02\/prosvjed-upozorenja-protiv-izmjene-zor-a\/","title":{"rendered":"Prosvjed upozorenja protiv izmjene ZOR-a"},"content":{"rendered":"<p><a href=\"http:\/\/www.szh.hr\/wp-content\/uploads\/2013\/12\/ne.jpg\" rel=\"lightbox[pics3321]\" title=\"ne\"><img loading=\"lazy\" decoding=\"async\" src=\"http:\/\/www.szh.hr\/wp-content\/uploads\/2013\/12\/ne.thumbnail.jpg\" alt=\"ne\" width=\"200\" height=\"95\" class=\"attachment wp-att-3332 alignleft\" \/><\/a>Sindikat \u017eeljezni\u010dara Hrvatske zajedno s drugim sindikatima sa \u017eeljeznice pridru\u017eit \u0107e se prosvjedu koji sindikalne sredi\u0161njice organiziraju 05. prosinca 2013.<br \/>\nProsvjednici se okupljaju oko 09:30 na Trgu bana Josipa Jela\u010di\u0107a. U 10:00 sati prosvjedna povorka kre\u0107e prema Markovom trgu. Pred zgradom Vlade zadr\u017eat \u0107e se oko jedan sat izra\u017eavaju\u0107i nezadovoljstvo najavljenim izmjenama Zakona o radu kojim se rad radnika stavlja u nesigurne okvire koji pogoduju jedino ekstremno liberalnom kapitalizmu.<\/p>\n<p><!--more--><br \/>\n<a title=\"51854869d38719f593e7ade2e9b937fb\" rel=\"lightbox[pics3321]\" href=\"http:\/\/www.szh.hr\/wp-content\/uploads\/2013\/12\/51854869d38719f593e7ade2e9b937fb.jpg\"><img loading=\"lazy\" decoding=\"async\" class=\"attachment wp-att-3322 alignleft\" src=\"http:\/\/www.szh.hr\/wp-content\/uploads\/2013\/12\/51854869d38719f593e7ade2e9b937fb.jpg\" alt=\"51854869d38719f593e7ade2e9b937fb\" width=\"630\" height=\"238\" \/><\/a><\/p>\n<p>Ministar Mrsi\u0107 u saborsku proceduru upu\u0107uje novi Zakon o radu (samo \u201esvojih ruku djelo\u201c) kojim umanjuje ulogu sindikata i kolektivnih ugovora, a radnike posve prepu\u0161ta (neodgovornim) poslodavcima \u010dine\u0107i ih robljem suvremenog doba, Zakon o povremenim poslovima (zakon kojeg RH dosad nije imala), a na osobe radno anga\u017eirane prema tome Zakonu, Zakon o radu se ne primjenjuje jer nije rije\u010d o radnom odnosu, te produ\u017eava dob za odlazak u mirovinu na 67 godine Zakonom o mirovinskom osiguranju (\u010dinjenica da bi se to primjenjivalo od 2031. godine ni\u010dim ne umanjuje njegovu neprihvatljivost).<\/p>\n<p><strong>Ovaj prosvjed upozorenja pred Vladom RH, samo je po\u010detak sindikalnih aktivnosti ukoliko Vlada ne povu\u010de prijedloge ovih zakona.<\/strong><\/p>\n<p>U susjednoj Sloveniji  sli\u010dan poku\u0161aj vlade propao je na referendumu 2011. Vlada je usprkos protivljenju i argumentima radnika i sindikata donijela <strong>Zakon  o povremenim poslovima<\/strong> kojim je dopustila studentima, umirovljenicima i nezaposlenima da rade na povremenim poslovima izvan za\u0161tite Zakona o radu. Zakon o radu ne bi se odnosio na njih i uskoro bi iznimka postala pravilo. Otkazivali bi se ugovori o radu na neodre\u0111eno vrijeme i zapo\u0161ljavali bi se radnici putem agencija za povremeno zapo\u0161ljavanje koje bi pla\u0107ali znatno manje nego radnike na istim poslovima koji imaju ugovor o radu na neodre\u0111eno vrijeme.<\/p>\n<p>Slovenski narod zatra\u017eio je referendum o novom Zakonu i voljom ve\u0107ine gra\u0111ana Zakon je sru\u0161en. <\/p>\n<p>\u010cinjenica je, me\u0111utim da na tr\u017ei\u0161tu rada postoje kategorije koje su te\u017ee zapo\u0161ljive. Svi socijalni partneri sla\u017eu se o va\u017enosti  agencija za privremeni rad (TAW )  za ve\u0107u zapo\u0161ljivost nezaposlenih i onih koji tra\u017ee posao i ve\u0107u mobilnost radne snage, no istovremeno radnici se boje zloupotrebe od strane poslodavaca.<\/p>\n<p>U  o\u017eujku ove godine u Sloveniji je done\u0161en novi zakon kojim je  privremeni rad postao skuplji, a time i manje atraktivan, za poslodavce. Novi zakon zna\u010di, izme\u0111u ostalog,  da poslodavac ne mo\u017ee imati stav da je &#8211; privremeno &#8211; dulje od 2 godine, bez obzira na to koliko ljudi je radilo na tom poslu. Osim toga uvedene su i druge jake prepreka za poslodavce da se oslanjaju na privremeni  rad.<br \/>\n,<\/p>\n","protected":false},"excerpt":{"rendered":"<p>Sindikat \u017eeljezni\u010dara Hrvatske zajedno s drugim sindikatima sa \u017eeljeznice pridru\u017eit \u0107e se prosvjedu koji sindikalne sredi\u0161njice organiziraju 05. prosinca 2013. Prosvjednici se okupljaju oko 09:30 na Trgu bana Josipa Jela\u010di\u0107a. U 10:00 sati prosvjedna povorka kre\u0107e prema Markovom trgu. Pred zgradom Vlade zadr\u017eat \u0107e se oko jedan sat izra\u017eavaju\u0107i nezadovoljstvo najavljenim izmjenama Zakona o radu [&hellip;]<\/p>\n","protected":false},"author":1,"featured_media":0,"comment_status":"closed","ping_status":"closed","sticky":false,"template":"","format":"standard","meta":{"_et_pb_use_builder":"","_et_pb_old_content":"","_et_gb_content_width":"","footnotes":""},"categories":[16],"tags":[],"class_list":["post-3321","post","type-post","status-publish","format-standard","hentry","category-aktualno"],"_links":{"self":[{"href":"https:\/\/www.szh.hr\/index.php\/wp-json\/wp\/v2\/posts\/3321","targetHints":{"allow":["GET"]}}],"collection":[{"href":"https:\/\/www.szh.hr\/index.php\/wp-json\/wp\/v2\/posts"}],"about":[{"href":"https:\/\/www.szh.hr\/index.php\/wp-json\/wp\/v2\/types\/post"}],"author":[{"embeddable":true,"href":"https:\/\/www.szh.hr\/index.php\/wp-json\/wp\/v2\/users\/1"}],"replies":[{"embeddable":true,"href":"https:\/\/www.szh.hr\/index.php\/wp-json\/wp\/v2\/comments?post=3321"}],"version-history":[{"count":0,"href":"https:\/\/www.szh.hr\/index.php\/wp-json\/wp\/v2\/posts\/3321\/revisions"}],"wp:attachment":[{"href":"https:\/\/www.szh.hr\/index.php\/wp-json\/wp\/v2\/media?parent=3321"}],"wp:term":[{"taxonomy":"category","embeddable":true,"href":"https:\/\/www.szh.hr\/index.php\/wp-json\/wp\/v2\/categories?post=3321"},{"taxonomy":"post_tag","embeddable":true,"href":"https:\/\/www.szh.hr\/index.php\/wp-json\/wp\/v2\/tags?post=3321"}],"curies":[{"name":"wp","href":"https:\/\/api.w.org\/{rel}","templated":true}]}}