{"id":3850,"date":"2014-03-28T16:57:14","date_gmt":"2014-03-28T14:57:14","guid":{"rendered":"http:\/\/www.szh.hr\/?p=3850"},"modified":"2014-03-28T16:57:14","modified_gmt":"2014-03-28T14:57:14","slug":"ministar-hajdas-doncic-priprema-dvorisnu-rasprodaju-hz-carga-uskoro-ce-se-i-to-zvati-grijeh-iz-proslosti","status":"publish","type":"post","link":"https:\/\/www.szh.hr\/index.php\/2014\/03\/28\/ministar-hajdas-doncic-priprema-dvorisnu-rasprodaju-hz-carga-uskoro-ce-se-i-to-zvati-grijeh-iz-proslosti\/","title":{"rendered":"Ministar Hajda\u0161 Don\u010di\u0107 priprema dvori\u0161nu rasprodaju H\u017d Carga &#8211; uskoro \u0107e se i to zvati &#8220;grijeh iz pro\u0161losti&#8221;"},"content":{"rendered":"<p><a title=\"rasprodaja\" rel=\"lightbox[pics3850]\" href=\"http:\/\/www.szh.hr\/wp-content\/uploads\/2014\/03\/rasprodaja.jpg\"><img loading=\"lazy\" decoding=\"async\" class=\"attachment wp-att-3856 alignleft\" src=\"http:\/\/www.szh.hr\/wp-content\/uploads\/2014\/03\/rasprodaja.thumbnail.jpg\" alt=\"rasprodaja\" width=\"200\" height=\"167\" \/><\/a>U prostorijama S\u017dH odr\u017eana je zajedni\u010dka tiskovna konferencija Sindikata \u017eeljezni\u010dara Hrvatske i Sindikata hrvatskih \u017eeljezni\u010dara.<br \/>\nOvi sindikati ve\u0107 mjesecima  upozoravaju javnost i medije na nezakonite radnje i malverzacije koje se doga\u0111aju u H\u017d Cargu, a sve pod dirigentskom palicom ministra Hajda\u0161 Don\u010di\u0107a.<br \/>\nNakon \u0161to je donesena odluka o otpu\u0161tanju 804 radnika, ministar tu nije stao s uni\u0161tavanjem poduze\u0107a.<\/p>\n<p>U medijima je ve\u0107 iza\u0161la informacija kako ministar priprema i prodaju 425 vagona, \u0161to zna\u010di da se prodaju osnovna sredstva za rad. Nije te\u0161ko zbrojiti dva i dva, otpu\u0161tanje radnika i rasprodaja imovine, tipi\u010dna privatizacijska pri\u010da, koja korist nosi samo pojedincima, a cjelokupnom hrvatskom gospodarstvu nenadoknadivu \u0161tetu.<\/p>\n<p>Dosada\u0161nje \u0161tetne odluke biv\u0161ih, politi\u010dki imenovanih uprava, naziva grijehom iz pro\u0161losti, a sam je donio pogubnu odluku o potpunom razdvajanju \u017eeljezni\u010dkih poduze\u0107a u najgorim mogu\u0107im okolnostima (katastrofalno stanje \u017eeljezni\u010dke infrastrukture, nedostatak lokomotiva i vlakova) i za H\u017d Putni\u010dki prijevoz i za H\u017d Cargo i to  la\u017eno pravda uskla\u0111ivanjem s europskim zakonima jer Europska komisija je ostavila svakoj zemlji \u010dlanici mogu\u0107nost odabira na\u010dina prilagodbe koji najbolje odgovara specifi\u010dnostima doti\u010dne zemlje.<\/p>\n<p>I \u010dak niti to nije dovoljno ministru, potpuno uni\u0161tenje poduze\u0107a i otpu\u0161tanje radnika, nego unato\u010d devastaciji koju provodi, i dalje pronalazi prostor za nepotizam i zapo\u0161ljavanje strana\u010dkih uhljeba. Tako \u0107e Vlado Han\u017eek, koji je suodgovoran za stvaranje gubitaka od 800 mil kuna radi \u010dega je bio prvotno smijenjen, sada dati mjesto pomo\u0107nika \u0161efa regionalnog podru\u010dja. Jedini njegov uspjeh je \u0161to je u me\u0111uvremenu postao potpredsjednik Virivoti\u010dkog SDP-a.<\/p>\n<p>Pored njega izmi\u0161ljeno je i radno mjesto za Zlatka Petri\u010drvi\u0107a koji nakon lo\u0161eg rada i smjen s radnog mjesta \u0160efa slu\u017ebe za upravljanje vagonima vra\u0107a se u Var\u017edin i dobiva radno mjesto  pomo\u0107nika \u0161efa regionalnog podru\u010dja . No Zlatku Petri\u010devi\u0107 niti to nije dovoljno ve\u0107 svoje dvoje djece koje je on zaposlio Silvija Petri\u010devi\u0107 \u2013 Kari\u0107 i Dominika Petri\u010devi\u0107  s najmanje sta\u017ea spa\u0161ava od liste vi\u0161ka i umjeto njih \u017eeli na ulicu poslti radnike s vi\u0161e radnog sta\u017ea.<\/p>\n<p>Du\u0161ko Novakovi\u0107 \u2013 direktor tehnologije i glavni kreator Danijela Kraki\u0107a zadu\u017een za izradu Pravilnika o organizaciji prvo je sebi namjestio radno mjesto i to na na\u010din da je kao uvjet propisao stru\u010dnu spremu koju ima samo on i nitko drugi u H\u017d Cargu<\/p>\n<p>Sada propisani uvjeti 2014.<br \/>\n&#8211;\t\u0160ifra RM 7146 Direktor tehnologije, uvjeti: VSS, tehn.\/org. rada, radno iskustvo 5 godina, 1 strani jezik<\/p>\n<p>Dok je do sada uvjet bio:<br \/>\nUvjeti iz Pravilnika iz 2013.<br \/>\n&#8211;\t\u0160ifra RM 7146 direktor tehnologije, uvjeti: VSS, \u017eelj.prom, radno iskustvo 5 godina, \u017eeljezni\u010dki stru\u010dni ispit, 1 strani jezik<\/p>\n<p>Uvjeti iz Pravilnika iz 2012.<br \/>\n&#8211;\t\u0160ifra RM 7146 Direktor tehnologije, uvjeti : VSS, promet, radno iskustvo 5 godina, 1 strani jezik,<\/p>\n<p>Ovo su samo neki od primjera potpunog izigravanja zakona zbog \u010dega \u0107e vi\u0161e od polovine radnika koji su se na\u0161li na listi vi\u0161ka pokrenuti sudske procese i mi smo uvjereni da \u0107e ih dobiti, no na\u017ealost taj tro\u0161ak ne\u0107e platiti kao ni do sada politi\u010dki postavljene uprave ve\u0107 porezni obveznici.<\/p>\n<p>Procijenjuje se da \u0107e oko 43% najavljenih <a href=\"http:\/\/www.szh.hr\/wp-content\/uploads\/2014\/03\/nezakoniti-otkazi.jpg\"><strong>otkaza biti nezakonito<\/strong><\/a>, velikim dijelom  zbog diskriminatornih kriterija.<\/p>\n<p>O katastrofalnom upravljanju i dono\u0161enju niza lo\u0161ih odluka svjedo\u010di i negativni trend u prijevozu i ostvarenim prihodima  koji se nastavlja i dalje i to u trenutku dok jo\u0161 nisu stupili drugi \u017eeljezni\u010dki operateri.<\/p>\n<p>Pojedine poslove koji su se do sada radili kao primjerice manevarski rad u Vara\u017edinu za H\u017d Putni\u010dki prijevoz koji pokriva tro\u0161ak radnika i donosi zaradu \u017eele otkazati. Veliki problemi nastaju i usljed promjena u organizaciji rada jer se jednostavnim nestru\u010dnim odlukama premje\u0161taju radnici s radnog mjesta na drugo radno mjesto bez ikakvog iskustva.<\/p>\n<p>Od radnika (VSS) koji su progla\u0161eni tehnolo\u0161kim vi\u0161kom, tra\u017ei se da u par dana nau\u010de poslu radnike (SSS) koji bi ubudu\u0107e trebali obavljati njihov posao.<\/p>\n<p>Ovakva politika \u0107e imati krajnje katastrofalne u\u010dinke na ionako dramati\u010dno stanje u hrvatskom gospodarstvu. Apeliramo na medije i javnost da izvr\u0161e pritisak dok jo\u0161 nije kasno.<\/p>\n","protected":false},"excerpt":{"rendered":"<p>U prostorijama S\u017dH odr\u017eana je zajedni\u010dka tiskovna konferencija Sindikata \u017eeljezni\u010dara Hrvatske i Sindikata hrvatskih \u017eeljezni\u010dara. Ovi sindikati ve\u0107 mjesecima upozoravaju javnost i medije na nezakonite radnje i malverzacije koje se doga\u0111aju u H\u017d Cargu, a sve pod dirigentskom palicom ministra Hajda\u0161 Don\u010di\u0107a. Nakon \u0161to je donesena odluka o otpu\u0161tanju 804 radnika, ministar tu nije stao [&hellip;]<\/p>\n","protected":false},"author":1,"featured_media":0,"comment_status":"closed","ping_status":"closed","sticky":false,"template":"","format":"standard","meta":{"_et_pb_use_builder":"","_et_pb_old_content":"","_et_gb_content_width":"","footnotes":""},"categories":[16],"tags":[],"class_list":["post-3850","post","type-post","status-publish","format-standard","hentry","category-aktualno"],"_links":{"self":[{"href":"https:\/\/www.szh.hr\/index.php\/wp-json\/wp\/v2\/posts\/3850","targetHints":{"allow":["GET"]}}],"collection":[{"href":"https:\/\/www.szh.hr\/index.php\/wp-json\/wp\/v2\/posts"}],"about":[{"href":"https:\/\/www.szh.hr\/index.php\/wp-json\/wp\/v2\/types\/post"}],"author":[{"embeddable":true,"href":"https:\/\/www.szh.hr\/index.php\/wp-json\/wp\/v2\/users\/1"}],"replies":[{"embeddable":true,"href":"https:\/\/www.szh.hr\/index.php\/wp-json\/wp\/v2\/comments?post=3850"}],"version-history":[{"count":0,"href":"https:\/\/www.szh.hr\/index.php\/wp-json\/wp\/v2\/posts\/3850\/revisions"}],"wp:attachment":[{"href":"https:\/\/www.szh.hr\/index.php\/wp-json\/wp\/v2\/media?parent=3850"}],"wp:term":[{"taxonomy":"category","embeddable":true,"href":"https:\/\/www.szh.hr\/index.php\/wp-json\/wp\/v2\/categories?post=3850"},{"taxonomy":"post_tag","embeddable":true,"href":"https:\/\/www.szh.hr\/index.php\/wp-json\/wp\/v2\/tags?post=3850"}],"curies":[{"name":"wp","href":"https:\/\/api.w.org\/{rel}","templated":true}]}}