{"id":3877,"date":"2014-04-11T15:25:57","date_gmt":"2014-04-11T13:25:57","guid":{"rendered":"http:\/\/www.szh.hr\/?p=3877"},"modified":"2014-04-11T15:25:57","modified_gmt":"2014-04-11T13:25:57","slug":"ako-ne-uspije-zapoceti-postupak-mirenja-radnici-hz-carga-ce-u-strajk","status":"publish","type":"post","link":"https:\/\/www.szh.hr\/index.php\/2014\/04\/11\/ako-ne-uspije-zapoceti-postupak-mirenja-radnici-hz-carga-ce-u-strajk\/","title":{"rendered":"Ako ne uspije zapo\u010deti postupak mirenja, radnici H\u017d Carga \u0107e u \u0161trajk"},"content":{"rendered":"<p><a href=\"http:\/\/www.szh.hr\/wp-content\/uploads\/2014\/04\/vijesti-extra.jpg\" rel=\"lightbox[pics3877]\" title=\"vijesti-extra\"><img loading=\"lazy\" decoding=\"async\" src=\"http:\/\/www.szh.hr\/wp-content\/uploads\/2014\/04\/vijesti-extra.thumbnail.jpg\" alt=\"vijesti-extra\" width=\"200\" height=\"134\" class=\"attachment wp-att-3881 alignleft\" \/><\/a>Razlozi za odr\u017eavanje \u0161trajka su vrlo jasni:<\/p>\n<p>1.\tZahtjevamo uspostavu socijalnog dijaloga i otvaranje kolektivnih pregovora po \u010dlancima koji su nas doveli do kolektivnog spora.<\/p>\n<p>2.\tZahtjevamo uskla\u0111ivanje Kolektivnog ugovora H\u017d Carga d.o.o. sa Zakonom o radu u dijelu koji se odnosi na kriterije kod utvr\u0111ivanja vi\u0161ka radnika. <\/p>\n<p>3.\tZahtjevamo da se odredbe Ugovora o radno pravnoj za\u0161titi radnika od poslovno uvjetovanih otkaza od 04. svibnja 2006. godine te \u010dlanak 10. III. Aneksa Ugovora o radno pravnoj za\u0161titi radnika od poslovno uvjetovanih otkaza od 18. o\u017eujka 2013. Godine, koje su Kolektivnim ugovorom H\u017d Carga od 05. velja\u010de 2014. godine stavljene van snage, stave na snagu i punu primjenu.<\/p>\n<p>4.\tZahtjevamo da se u Kolektivni ugovor H\u017d Carga ( poglavlje 6. Posebne odredbe ) kao mjere u\u0161tede uzme u obzir uvo\u0111enje nepunog radnog vremena na radnim mjestima gdje je to mogu\u0107e s ciljem o\u010duvanja ve\u0107eg broja radnih mjesta.<\/p>\n<p>5.\tTra\u017eimo da se nastavi s procesom restrukturiranja, ali ne na na\u010din da se restrukturiranje samo svodi na dono\u0161enje sistematizacije kroz  Pravilnik o organizaciji koja se radi po imenima i prezimenima i izmi\u0161ljanjem radnih mjesta, ve\u0107 da se napravi u skladu s potrebama rada, jednako za sve radnike. <\/p>\n<p><strong><a href=\"http:\/\/www.szh.hr\/wp-content\/uploads\/2014\/04\/extra-vijesti-11042014.pdf\">Vijesti extra  (PDF)<\/a><\/strong><\/p>\n","protected":false},"excerpt":{"rendered":"<p>Razlozi za odr\u017eavanje \u0161trajka su vrlo jasni: 1. Zahtjevamo uspostavu socijalnog dijaloga i otvaranje kolektivnih pregovora po \u010dlancima koji su nas doveli do kolektivnog spora. 2. Zahtjevamo uskla\u0111ivanje Kolektivnog ugovora H\u017d Carga d.o.o. sa Zakonom o radu u dijelu koji se odnosi na kriterije kod utvr\u0111ivanja vi\u0161ka radnika. 3. Zahtjevamo da se odredbe Ugovora o [&hellip;]<\/p>\n","protected":false},"author":1,"featured_media":0,"comment_status":"closed","ping_status":"closed","sticky":false,"template":"","format":"standard","meta":{"_et_pb_use_builder":"","_et_pb_old_content":"","_et_gb_content_width":"","footnotes":""},"categories":[16],"tags":[],"class_list":["post-3877","post","type-post","status-publish","format-standard","hentry","category-aktualno"],"_links":{"self":[{"href":"https:\/\/www.szh.hr\/index.php\/wp-json\/wp\/v2\/posts\/3877","targetHints":{"allow":["GET"]}}],"collection":[{"href":"https:\/\/www.szh.hr\/index.php\/wp-json\/wp\/v2\/posts"}],"about":[{"href":"https:\/\/www.szh.hr\/index.php\/wp-json\/wp\/v2\/types\/post"}],"author":[{"embeddable":true,"href":"https:\/\/www.szh.hr\/index.php\/wp-json\/wp\/v2\/users\/1"}],"replies":[{"embeddable":true,"href":"https:\/\/www.szh.hr\/index.php\/wp-json\/wp\/v2\/comments?post=3877"}],"version-history":[{"count":0,"href":"https:\/\/www.szh.hr\/index.php\/wp-json\/wp\/v2\/posts\/3877\/revisions"}],"wp:attachment":[{"href":"https:\/\/www.szh.hr\/index.php\/wp-json\/wp\/v2\/media?parent=3877"}],"wp:term":[{"taxonomy":"category","embeddable":true,"href":"https:\/\/www.szh.hr\/index.php\/wp-json\/wp\/v2\/categories?post=3877"},{"taxonomy":"post_tag","embeddable":true,"href":"https:\/\/www.szh.hr\/index.php\/wp-json\/wp\/v2\/tags?post=3877"}],"curies":[{"name":"wp","href":"https:\/\/api.w.org\/{rel}","templated":true}]}}