{"id":5434,"date":"2015-07-27T12:59:23","date_gmt":"2015-07-27T10:59:23","guid":{"rendered":"http:\/\/www.szh.hr\/?p=5434"},"modified":"2015-07-27T12:59:23","modified_gmt":"2015-07-27T10:59:23","slug":"sindikatu-zeljeznicara-hrvatske-svecanim-potpisivanjem-ugovora-dodijeljena-bespovratan-sredstva","status":"publish","type":"post","link":"https:\/\/www.szh.hr\/index.php\/2015\/07\/27\/sindikatu-zeljeznicara-hrvatske-svecanim-potpisivanjem-ugovora-dodijeljena-bespovratan-sredstva\/","title":{"rendered":"Sindikatu \u017eeljezni\u010dara Hrvatske sve\u010danim potpisivanjem ugovora dodijeljena bespovratna sredstva"},"content":{"rendered":"<p><a href=\"http:\/\/www.szh.hr\/wp-content\/uploads\/2015\/07\/IMG_6330.jpg\"><img loading=\"lazy\" decoding=\"async\" class=\"alignleft size-medium wp-image-5435\" src=\"http:\/\/www.szh.hr\/wp-content\/uploads\/2015\/07\/IMG_6330-300x168.jpg\" alt=\"IMG_6330\" width=\"300\" height=\"168\" \/><\/a><\/p>\n<p>&nbsp;<\/p>\n<p>&nbsp;<\/p>\n<p>&nbsp;<\/p>\n<p>&nbsp;<\/p>\n<p>&nbsp;<\/p>\n<p>&nbsp;<\/p>\n<p>&nbsp;<\/p>\n<p>Danas na sve\u010danom potpisivanju ugovora u Ministarstvu rada i mirovinskog sustava Sindikatu \u017eeljezni\u010dara Hrvatske kao jedinom sindikatu iz \u017eeljezni\u010dkog sektora i slu\u017ebeno su dodijeljena sredstva u iznosu\u00a0 od 832,204,00 kn.<\/p>\n<p>U sklopu Operativnog programa \u00bbRazvoj ljudskih potencijala\u00ab, Europski socijalni fond i Ministarstvo rada i mirovinskog sustava prihvatio je prijavu projekta Sindikata \u017eeljezni\u010dara Hrvatske pod nazivom \u00bbUnapre\u0111enje uloge sindikata u socijalnom dijalogu u \u017eeljezni\u010dkom sektoru Hrvatske\u00ab, te isti i odobrio.<\/p>\n<p><!--more--><br \/>\nCilj ovo<a href=\"http:\/\/www.szh.hr\/wp-content\/uploads\/2015\/07\/IMG_6347.jpg\"><img loading=\"lazy\" decoding=\"async\" class=\"alignleft size-medium wp-image-5436\" src=\"http:\/\/www.szh.hr\/wp-content\/uploads\/2015\/07\/IMG_6347-300x225.jpg\" alt=\"IMG_6347\" width=\"300\" height=\"225\" \/><\/a>g projekta je unapre\u0111enje suradnje socijalnih partnera u \u017eeljezni\u010dkom sektoru Hrvatske. Trenuta\u010dno stanje socijalnog dijaloga u tom sektoru nije na zavidnom nivou \u0161to je i vidljivu iz sve \u010de\u0161\u0107ih sukoba s upravama dru\u0161tava koja su nastala podjelom Hrvatskih \u017eeljeznica.<\/p>\n<p>U sklopu ovog projekta ciljnu skupinu \u010dine \u010dlanovi triju sindikata: Sindikat \u017eeljezni\u010dara Hrvatske, Sindikat infrastrukture H\u017d-a i Sindikat hrvatskih \u017eeljezni\u010dara, koji \u0107e se upoznati s mogu\u0107nostima i sadr\u017eajem u\u010dinkovitoga socijalnog dijaloga, identificirati minimalne standarde uvjeta rada iz radnog zakonodavstva i osposobiti za bipartitni socijalni dijalog.<\/p>\n<p>&nbsp;<\/p>\n<p>Iako je \u017eeljezni\u010dki sektor me\u0111u prvima potpisao kolektivni ugovor i to 2004. godine, mnoga pitanja koja se odnose na prava radnika ostala su sporna.<br \/>\nSocijalno vije\u0107e u \u017eeljezni\u010dkom sektoru formirano je 30. svibnja 2012. godine, radi ja\u010danja dijaloga me\u0111u socijalnim partnerima. Do sada su odr\u017eane samo 3-4 sjednice, a par godina se socijalni partneri nisu sastali. Razlog tome je nedostatak tradicije socijalnog dijaloga i nespremnost na suradnju socijalnih partnera. \u010cak i razjedinjenost sindikata podupire status quo. Stoga, projekt nagla\u0161ava va\u017enost unapre\u0111enja kapaciteta sindikalnog \u010dlanstva za vo\u0111enje u\u010dinkovitoga socijalnog dijaloga i kolektivnog pregovaranja za stvaranje pozitivnog radnog okru\u017eenja i ja\u010danje me\u0111usobnog povjerenja sindikata kao socijalnih partnera u sektorskim vije\u0107ima.<\/p>\n<p>Edukacijom (treninzima) o tehnikama pregovaranja i strategijama izbjegavanja i rje\u0161avanja sukoba, projektom je predvi\u0111eno unapre\u0111enje svijesti o ulozi i zna\u010denju sektorskoga socijalnog dijaloga.<\/p>\n<p>U sklopu Projekta odr\u017eavat \u0107e se treninzi\/radionice za \u010dlanove i predstavnike partnerskih sindikata u \u010detiri grada u Hrvatskoj: Zagrebu, Osijeku, Rijeci i Splitu.<br \/>\nSvrha projekta ogleda se u unapre\u0111enju kapaciteta sindikata kako bi do\u0161lo do ponovne i oja\u010dane suradnje.<\/p>\n<p>Zoran Mar\u0161i\u0107<\/p>\n<p>&nbsp;<\/p>\n<p>&nbsp;<\/p>\n","protected":false},"excerpt":{"rendered":"<p>&nbsp; &nbsp; &nbsp; &nbsp; &nbsp; &nbsp; &nbsp; Danas na sve\u010danom potpisivanju ugovora u Ministarstvu rada i mirovinskog sustava Sindikatu \u017eeljezni\u010dara Hrvatske kao jedinom sindikatu iz \u017eeljezni\u010dkog sektora i slu\u017ebeno su dodijeljena sredstva u iznosu\u00a0 od 832,204,00 kn. U sklopu Operativnog programa \u00bbRazvoj ljudskih potencijala\u00ab, Europski socijalni fond i Ministarstvo rada i mirovinskog sustava prihvatio je [&hellip;]<\/p>\n","protected":false},"author":1,"featured_media":0,"comment_status":"closed","ping_status":"closed","sticky":false,"template":"","format":"standard","meta":{"_et_pb_use_builder":"","_et_pb_old_content":"","_et_gb_content_width":"","footnotes":""},"categories":[16],"tags":[],"class_list":["post-5434","post","type-post","status-publish","format-standard","hentry","category-aktualno"],"_links":{"self":[{"href":"https:\/\/www.szh.hr\/index.php\/wp-json\/wp\/v2\/posts\/5434","targetHints":{"allow":["GET"]}}],"collection":[{"href":"https:\/\/www.szh.hr\/index.php\/wp-json\/wp\/v2\/posts"}],"about":[{"href":"https:\/\/www.szh.hr\/index.php\/wp-json\/wp\/v2\/types\/post"}],"author":[{"embeddable":true,"href":"https:\/\/www.szh.hr\/index.php\/wp-json\/wp\/v2\/users\/1"}],"replies":[{"embeddable":true,"href":"https:\/\/www.szh.hr\/index.php\/wp-json\/wp\/v2\/comments?post=5434"}],"version-history":[{"count":0,"href":"https:\/\/www.szh.hr\/index.php\/wp-json\/wp\/v2\/posts\/5434\/revisions"}],"wp:attachment":[{"href":"https:\/\/www.szh.hr\/index.php\/wp-json\/wp\/v2\/media?parent=5434"}],"wp:term":[{"taxonomy":"category","embeddable":true,"href":"https:\/\/www.szh.hr\/index.php\/wp-json\/wp\/v2\/categories?post=5434"},{"taxonomy":"post_tag","embeddable":true,"href":"https:\/\/www.szh.hr\/index.php\/wp-json\/wp\/v2\/tags?post=5434"}],"curies":[{"name":"wp","href":"https:\/\/api.w.org\/{rel}","templated":true}]}}