{"id":5647,"date":"2015-09-28T11:27:57","date_gmt":"2015-09-28T09:27:57","guid":{"rendered":"http:\/\/www.szh.hr\/?p=5647"},"modified":"2015-09-28T11:27:57","modified_gmt":"2015-09-28T09:27:57","slug":"radnicima-hz-carga-d-o-o","status":"publish","type":"post","link":"https:\/\/www.szh.hr\/index.php\/2015\/09\/28\/radnicima-hz-carga-d-o-o\/","title":{"rendered":"RADNICIMA H\u017d CARGA d.o.o."},"content":{"rendered":"<p><a href=\"http:\/\/www.szh.hr\/wp-content\/uploads\/2015\/09\/p.jpg\"><img loading=\"lazy\" decoding=\"async\" class=\"alignleft size-medium wp-image-5648\" src=\"http:\/\/www.szh.hr\/wp-content\/uploads\/2015\/09\/p-300x200.jpg\" alt=\"p\" width=\"300\" height=\"200\" \/><\/a><\/p>\n<p>&nbsp;<\/p>\n<p>&nbsp;<\/p>\n<p>&nbsp;<\/p>\n<p>&nbsp;<\/p>\n<p>&nbsp;<\/p>\n<p>&nbsp;<\/p>\n<p>&nbsp;<\/p>\n<p>&nbsp;<\/p>\n<p>Kako su odlukom suda poni\u0161teni izbori za radni\u010dko vije\u0107e koje je inicirao Sindikat strojovo\u0111a Hrvatske to radni\u010dko vije\u0107e ne\u0107e i ne mo\u017ee vi\u0161e djelovat.<\/p>\n<p>&nbsp;<\/p>\n<p><!--more--><\/p>\n<p>Zbog te \u010dinjenice pozvali smo Upravi H\u017d Carga d.o.o. da u skladu s zakonom povu\u010de sve akte koji su doneseni uz savjetovanje, mi\u0161ljenje sa gore navedenim radni\u010dkim vije\u0107em.<\/p>\n<p>Zatra\u017eeno je i hitno odr\u017eavanje sastanka s Upravom H\u017d Carga d.o.o. kako bi na miran na\u010din u duhu socijalnog dijaloga rije\u0161ili nastale probleme. Ukoliko se na\u0161i zahtjevi budu ignorirali pokrenut \u0107emo sudske postupke te tra\u017eiti odgovornost za sve propuste i nepravdu koja je napravljena radnicima H\u017d Carga d.o.o.<\/p>\n<p><a href=\"http:\/\/www.szh.hr\/wp-content\/uploads\/2015\/09\/Dopis-Upravi.pdf\">Dopis Upravi<\/a><\/p>\n<p><a href=\"http:\/\/www.szh.hr\/wp-content\/uploads\/2015\/09\/Dopis-radnicima.pdf\">Dopis radnicima<\/a><\/p>\n","protected":false},"excerpt":{"rendered":"<p>&nbsp; &nbsp; &nbsp; &nbsp; &nbsp; &nbsp; &nbsp; &nbsp; Kako su odlukom suda poni\u0161teni izbori za radni\u010dko vije\u0107e koje je inicirao Sindikat strojovo\u0111a Hrvatske to radni\u010dko vije\u0107e ne\u0107e i ne mo\u017ee vi\u0161e djelovat. &nbsp;<\/p>\n","protected":false},"author":1,"featured_media":0,"comment_status":"closed","ping_status":"closed","sticky":false,"template":"","format":"standard","meta":{"_et_pb_use_builder":"","_et_pb_old_content":"","_et_gb_content_width":"","footnotes":""},"categories":[18],"tags":[],"class_list":["post-5647","post","type-post","status-publish","format-standard","hentry","category-hz-cargo"],"_links":{"self":[{"href":"https:\/\/www.szh.hr\/index.php\/wp-json\/wp\/v2\/posts\/5647","targetHints":{"allow":["GET"]}}],"collection":[{"href":"https:\/\/www.szh.hr\/index.php\/wp-json\/wp\/v2\/posts"}],"about":[{"href":"https:\/\/www.szh.hr\/index.php\/wp-json\/wp\/v2\/types\/post"}],"author":[{"embeddable":true,"href":"https:\/\/www.szh.hr\/index.php\/wp-json\/wp\/v2\/users\/1"}],"replies":[{"embeddable":true,"href":"https:\/\/www.szh.hr\/index.php\/wp-json\/wp\/v2\/comments?post=5647"}],"version-history":[{"count":0,"href":"https:\/\/www.szh.hr\/index.php\/wp-json\/wp\/v2\/posts\/5647\/revisions"}],"wp:attachment":[{"href":"https:\/\/www.szh.hr\/index.php\/wp-json\/wp\/v2\/media?parent=5647"}],"wp:term":[{"taxonomy":"category","embeddable":true,"href":"https:\/\/www.szh.hr\/index.php\/wp-json\/wp\/v2\/categories?post=5647"},{"taxonomy":"post_tag","embeddable":true,"href":"https:\/\/www.szh.hr\/index.php\/wp-json\/wp\/v2\/tags?post=5647"}],"curies":[{"name":"wp","href":"https:\/\/api.w.org\/{rel}","templated":true}]}}