{"id":6014,"date":"2016-04-22T12:19:40","date_gmt":"2016-04-22T10:19:40","guid":{"rendered":"http:\/\/www.szh.hr\/?p=6014"},"modified":"2016-04-22T12:19:40","modified_gmt":"2016-04-22T10:19:40","slug":"suradnjom-sindikata-do-ucinkovitijeg-socijalnog-dijaloga-2","status":"publish","type":"post","link":"https:\/\/www.szh.hr\/index.php\/2016\/04\/22\/suradnjom-sindikata-do-ucinkovitijeg-socijalnog-dijaloga-2\/","title":{"rendered":"Suradnjom sindikata do u\u010dinkovitijeg socijalnog dijaloga"},"content":{"rendered":"<p><a href=\"http:\/\/www.szh.hr\/wp-content\/uploads\/2016\/04\/Socijalni-dijalog.jpg\"><img loading=\"lazy\" decoding=\"async\" class=\"alignleft  wp-image-6015\" src=\"http:\/\/www.szh.hr\/wp-content\/uploads\/2016\/04\/Socijalni-dijalog-233x300.jpg\" alt=\"Socijalni dijalog\" width=\"152\" height=\"196\" \/><\/a>U organizaciji Sindikata \u017eeljezni\u010dara od 27. \u2013 29. travnja 2016.\u00a0 odr\u017eat \u0107e se u Dubrovniku III. Radionica u sklopu projekta\u00a0 \u201eUnaprje\u0111enje socijalnog dijaloga u \u017eeljezni\u010dkom sektoru Hrvatske\u201c, koji se odvija u okviru Operativnog programa \u201cRazvoj ljudskih potencijala\u201d uz financijsku potporu Europskog socijalnog fonda i Ministarstva rada i mirovinskog sustava. Na radionici \u0107e sudjelovati 30 sindikalnih predstavnika, po 10 iz svakog partnerskog sindikata.<\/p>\n<p>Ciljnu skupinu na svim radionicama \u010dine \u010dlanovi triju sindikata: Sindikata \u017eeljezni\u010dara Hrvatske, Sindikata infrastrukture H\u017d i Sindikata hrvatskih \u017eeljezni\u010dara, koji \u010dine 70 posto \u010dlanstva u \u017eeljezni\u010dkom sektoru. Edukacijom o komunikacijskim vje\u0161tinama, tehnikama pregovaranja i strategijama izbjegavanja i rje\u0161avanja sukoba te upoznavanjem s primjerima dobre prakse, projektom je predvi\u0111eno unaprje\u0111enje svijesti o ulozi i zna\u010denju sektorskoga socijalnog dijaloga.<\/p>\n<p>U sklopu Projekta odr\u017eale su se radionice u Osijeku za isto\u010dnu regiju i u Mariji Bistrici za regiju Sjever. Idu\u0107i tjedan odr\u017eat \u0107e se radionica za regiju Jug u Dubrovniku, a u svibnju \u0107e se odr\u017eati posljednja u ovom ciklusu, radionica za regiju Zapad.<\/p>\n<p>Projekt nagla\u0161ava va\u017enost\u00a0 vo\u0111enje u\u010dinkovitoga socijalnog dijaloga i kolektivnog pregovaranja za stvaranje pozitivnog radnog okru\u017eenja i ja\u010danje me\u0111usobnog povjerenja sindikata kao socijalnih partnera u sektorskim vije\u0107ima.<\/p>\n<p>Trenuta\u010dno stanje socijalnog dijaloga u dru\u0161tvima nastalim podjelom Hrvatskih \u017eeljeznica nije na zavidnom nivou, a cilj ovog projekta je unapre\u0111enje suradnje socijalnih partnera u \u017eeljezni\u010dkom sektoru Hrvatske, posebno rje\u0161avanje sukoba mirnim putem i suradnja na pobolj\u0161anju uvjeta rada i poslovanja u sektoru.<\/p>\n<p><a href=\"http:\/\/www.szh.hr\/wp-content\/uploads\/2016\/04\/Zajedni\u010dki-sastanak-tri-sindikata.jpg\"><img loading=\"lazy\" decoding=\"async\" class=\"alignleft size-medium wp-image-6031\" src=\"http:\/\/www.szh.hr\/wp-content\/uploads\/2016\/04\/Zajedni\u010dki-sastanak-tri-sindikata-300x200.jpg\" alt=\"Zajedni\u010dki sastanak tri sindikata\" width=\"300\" height=\"200\" \/><\/a><a href=\"http:\/\/www.szh.hr\/wp-content\/uploads\/2016\/04\/2.-Marija-Bistrica-2.jpg\"><img loading=\"lazy\" decoding=\"async\" class=\"alignleft  wp-image-6018\" src=\"http:\/\/www.szh.hr\/wp-content\/uploads\/2016\/04\/2.-Marija-Bistrica-2-300x252.jpg\" alt=\"2. Marija Bistrica (2)\" width=\"239\" height=\"200\" \/><\/a>\u00a0\u00a0\u00a0 <a href=\"http:\/\/www.szh.hr\/wp-content\/uploads\/2016\/04\/Pripremni-sastanak.jpg\"><img loading=\"lazy\" decoding=\"async\" class=\"alignleft  wp-image-6028\" src=\"http:\/\/www.szh.hr\/wp-content\/uploads\/2016\/04\/Pripremni-sastanak-300x200.jpg\" alt=\"Pripremni sastanak\" width=\"245\" height=\"163\" \/><\/a><a href=\"http:\/\/www.szh.hr\/wp-content\/uploads\/2016\/04\/Sudionici-Osijek.jpg\"><img loading=\"lazy\" decoding=\"async\" class=\"alignleft  wp-image-6026\" src=\"http:\/\/www.szh.hr\/wp-content\/uploads\/2016\/04\/Sudionici-Osijek-300x200.jpg\" alt=\"Sudionici, Osijek\" width=\"278\" height=\"185\" \/><\/a><a href=\"http:\/\/www.szh.hr\/wp-content\/uploads\/2016\/04\/I-Radionica-Osijek.jpg\"><img loading=\"lazy\" decoding=\"async\" class=\"alignleft  wp-image-6023\" src=\"http:\/\/www.szh.hr\/wp-content\/uploads\/2016\/04\/I-Radionica-Osijek-300x200.jpg\" alt=\"I Radionica, Osijek\" width=\"228\" height=\"152\" \/><\/a><a href=\"http:\/\/www.szh.hr\/wp-content\/uploads\/2016\/04\/I.-radionica-Osijek1.jpg\"><img loading=\"lazy\" decoding=\"async\" class=\"alignleft  wp-image-6025\" src=\"http:\/\/www.szh.hr\/wp-content\/uploads\/2016\/04\/I.-radionica-Osijek1-300x200.jpg\" alt=\"I. radionica, Osijek\" width=\"285\" height=\"189\" \/><\/a><a href=\"http:\/\/www.szh.hr\/wp-content\/uploads\/2016\/04\/4.-Marija-Bistrica.jpg\"><img loading=\"lazy\" decoding=\"async\" class=\"alignleft  wp-image-6020\" src=\"http:\/\/www.szh.hr\/wp-content\/uploads\/2016\/04\/4.-Marija-Bistrica-300x200.jpg\" alt=\"4. Marija Bistrica\" width=\"299\" height=\"199\" \/><\/a><a href=\"http:\/\/www.szh.hr\/wp-content\/uploads\/2016\/04\/Pripremni-sastanak-SD.jpg\"><img loading=\"lazy\" decoding=\"async\" class=\"alignleft size-medium wp-image-6037\" src=\"http:\/\/www.szh.hr\/wp-content\/uploads\/2016\/04\/Pripremni-sastanak-SD-300x169.jpg\" alt=\"Pripremni sastanak, SD\" width=\"300\" height=\"169\" \/><\/a><a href=\"http:\/\/www.szh.hr\/wp-content\/uploads\/2016\/04\/6.-Marija-Bistrica.jpg\"><img loading=\"lazy\" decoding=\"async\" class=\"  wp-image-6021 alignnone\" src=\"http:\/\/www.szh.hr\/wp-content\/uploads\/2016\/04\/6.-Marija-Bistrica-300x142.jpg\" alt=\"6. Marija Bistrica\" width=\"397\" height=\"189\" \/><\/a>\u00a0\u00a0\u00a0 <a href=\"http:\/\/www.szh.hr\/wp-content\/uploads\/2016\/04\/Pripremni-sastanak-izme\u0111u-\u010dlanova-S\u017dH-SH\u017d-i-SIH\u017d.jpg\"><img loading=\"lazy\" decoding=\"async\" class=\"alignleft size-medium wp-image-6027\" src=\"http:\/\/www.szh.hr\/wp-content\/uploads\/2016\/04\/Pripremni-sastanak-izme\u0111u-\u010dlanova-S\u017dH-SH\u017d-i-SIH\u017d-300x200.jpg\" alt=\"Pripremni sastanak  izme\u0111u \u010dlanova S\u017dH, SH\u017d i SIH\u017d\" width=\"300\" height=\"200\" \/><\/a>\u00a0 <a href=\"http:\/\/www.szh.hr\/wp-content\/uploads\/2016\/04\/I.-radionica-Osijek.jpg\"><img loading=\"lazy\" decoding=\"async\" class=\"alignleft  wp-image-6024\" src=\"http:\/\/www.szh.hr\/wp-content\/uploads\/2016\/04\/I.-radionica-Osijek-300x200.jpg\" alt=\"I. radionica Osijek\" width=\"287\" height=\"191\" \/><\/a><a href=\"http:\/\/www.szh.hr\/wp-content\/uploads\/2016\/04\/Radni-sastanak-2.jpg\"><img loading=\"lazy\" decoding=\"async\" class=\"alignleft size-medium wp-image-6029\" src=\"http:\/\/www.szh.hr\/wp-content\/uploads\/2016\/04\/Radni-sastanak-2-300x169.jpg\" alt=\"Radni sastanak 2\" width=\"300\" height=\"169\" \/><\/a> <a href=\"http:\/\/www.szh.hr\/wp-content\/uploads\/2016\/04\/Radni-sastanak.jpg\"><img loading=\"lazy\" decoding=\"async\" class=\"alignleft size-medium wp-image-6030\" src=\"http:\/\/www.szh.hr\/wp-content\/uploads\/2016\/04\/Radni-sastanak-300x169.jpg\" alt=\"Radni sastanak\" width=\"300\" height=\"169\" \/><\/a> <a href=\"http:\/\/www.szh.hr\/wp-content\/uploads\/2016\/04\/8.-Marija-Bistrica.jpg\"><img loading=\"lazy\" decoding=\"async\" class=\"alignleft size-medium wp-image-6022\" src=\"http:\/\/www.szh.hr\/wp-content\/uploads\/2016\/04\/8.-Marija-Bistrica-300x101.jpg\" alt=\"8. Marija Bistrica\" width=\"300\" height=\"101\" \/><\/a><\/p>\n","protected":false},"excerpt":{"rendered":"<p>U organizaciji Sindikata \u017eeljezni\u010dara od 27. \u2013 29. travnja 2016.\u00a0 odr\u017eat \u0107e se u Dubrovniku III. Radionica u sklopu projekta\u00a0 \u201eUnaprje\u0111enje socijalnog dijaloga u \u017eeljezni\u010dkom sektoru Hrvatske\u201c, koji se odvija u okviru Operativnog programa \u201cRazvoj ljudskih potencijala\u201d uz financijsku potporu Europskog socijalnog fonda i Ministarstva rada i mirovinskog sustava. Na radionici \u0107e sudjelovati 30 sindikalnih [&hellip;]<\/p>\n","protected":false},"author":1,"featured_media":0,"comment_status":"closed","ping_status":"closed","sticky":false,"template":"","format":"standard","meta":{"_et_pb_use_builder":"","_et_pb_old_content":"","_et_gb_content_width":"","footnotes":""},"categories":[16],"tags":[],"class_list":["post-6014","post","type-post","status-publish","format-standard","hentry","category-aktualno"],"_links":{"self":[{"href":"https:\/\/www.szh.hr\/index.php\/wp-json\/wp\/v2\/posts\/6014","targetHints":{"allow":["GET"]}}],"collection":[{"href":"https:\/\/www.szh.hr\/index.php\/wp-json\/wp\/v2\/posts"}],"about":[{"href":"https:\/\/www.szh.hr\/index.php\/wp-json\/wp\/v2\/types\/post"}],"author":[{"embeddable":true,"href":"https:\/\/www.szh.hr\/index.php\/wp-json\/wp\/v2\/users\/1"}],"replies":[{"embeddable":true,"href":"https:\/\/www.szh.hr\/index.php\/wp-json\/wp\/v2\/comments?post=6014"}],"version-history":[{"count":0,"href":"https:\/\/www.szh.hr\/index.php\/wp-json\/wp\/v2\/posts\/6014\/revisions"}],"wp:attachment":[{"href":"https:\/\/www.szh.hr\/index.php\/wp-json\/wp\/v2\/media?parent=6014"}],"wp:term":[{"taxonomy":"category","embeddable":true,"href":"https:\/\/www.szh.hr\/index.php\/wp-json\/wp\/v2\/categories?post=6014"},{"taxonomy":"post_tag","embeddable":true,"href":"https:\/\/www.szh.hr\/index.php\/wp-json\/wp\/v2\/tags?post=6014"}],"curies":[{"name":"wp","href":"https:\/\/api.w.org\/{rel}","templated":true}]}}