{"id":6576,"date":"2016-08-31T06:51:23","date_gmt":"2016-08-31T06:51:23","guid":{"rendered":"http:\/\/www.szh.hr\/?p=6576"},"modified":"2016-08-31T06:51:23","modified_gmt":"2016-08-31T06:51:23","slug":"pravda-je-spora-ali-dostizna","status":"publish","type":"post","link":"https:\/\/www.szh.hr\/index.php\/2016\/08\/31\/pravda-je-spora-ali-dostizna\/","title":{"rendered":"Pravda je spora, ali dosti\u017ena"},"content":{"rendered":"<p><span style=\"line-height: 107%; font-family: 'Arial',sans-serif; font-size: 12pt;\"><span style=\"color: #000000;\"><a href=\"http:\/\/www.szh.hr\/wp-content\/uploads\/2016\/08\/vrhovni_sud_sudska_praksa_news_pic.jpg\"><img loading=\"lazy\" decoding=\"async\" class=\"size-medium wp-image-6577 aligncenter\" src=\"http:\/\/www.szh.hr\/wp-content\/uploads\/2016\/08\/vrhovni_sud_sudska_praksa_news_pic-300x171.jpg\" alt=\"vrhovni_sud_sudska_praksa_news_pic\" width=\"300\" height=\"171\" srcset=\"https:\/\/www.szh.hr\/wp-content\/uploads\/2016\/08\/vrhovni_sud_sudska_praksa_news_pic-300x171.jpg 300w, https:\/\/www.szh.hr\/wp-content\/uploads\/2016\/08\/vrhovni_sud_sudska_praksa_news_pic.jpg 350w\" sizes=\"(max-width: 300px) 100vw, 300px\" \/><\/a>Vrhovni sud Republike Hrvatske pravomo\u0107no je potvrdio Presudu \u017dupanijskog suda u Zagrebu kojom su poni\u0161teni drugi izvanredni izbori za radni\u010dko vije\u0107e provedeni u H\u017d Cargu d.o.o. od 13. do 14. studenog 2015., a koje su organizirali Sindikata strojovo\u0111a Hrvatske i partneri.<\/span><\/span><\/p>\n<p><span style=\"line-height: 107%; font-family: 'Arial',sans-serif; font-size: 12pt;\"><span style=\"color: #000000;\">Va\u017eno je napomenuti da su pravomo\u0107nom presudom prethodno ve\u0107 poni\u0161teni i prvi nezakoniti izbori za radni\u010dko vije\u0107e koje su isto tako organizirali SSH i partneri.<\/span><\/span><!--more--><\/p>\n<p><span style=\"line-height: 107%; font-family: 'Arial',sans-serif; font-size: 12pt;\"><span style=\"color: #000000;\">Unato\u010d brojnim upozorenjima Upravi, kao i resornom ministarstvu, koje smo uputili i upozoravali na \u0161tetnost postupanja i suradnje s nezakonitim radni\u010dkim vije\u0107em, Uprava H\u017d Carga d.o.o. svjesno je sva upozorenja ignorirala.<\/span><\/span><\/p>\n<p><span style=\"line-height: 107%; font-family: 'Arial',sans-serif; font-size: 12pt;\"><span style=\"color: #000000;\">Ova presuda je jo\u0161 jedan dokaz da se Uprava H\u017d Carga d.o.o. pristrano odlu\u010dila prikloniti nezakonitom umjesto regularnom Glavnom radni\u010dkom vije\u0107u \u010diju zakonitost nitko nije osporavao ni osporio, a koje je izabrano na inicijativu Sindikata \u017eeljezni\u010dara Hrvatske, Sindikata hrvatskih \u017eeljezni\u010dara, Sindikata branitelja H\u017d i Sindikata radnika Hrvatskih \u017eeljeznica.<\/span><\/span><\/p>\n<p><span style=\"line-height: 107%; font-family: 'Arial',sans-serif; font-size: 12pt;\"><span style=\"color: #000000;\">Pravda je pobijedila te smo dobili pravomo\u0107nu presudu koja jasno ka\u017ee da je radni\u010dko vije\u0107e SSH i partnera u potpunosti nezakonito i nelegalno te kao takvo nije niti moglo obavljati funkciju koja je propisana Zakonom o radu.<\/span><\/span><\/p>\n<p><span style=\"line-height: 107%; font-family: 'Arial',sans-serif; font-size: 12pt;\"><span style=\"color: #000000;\">Vjerujemo da \u0107e nakon ove presude zbog samovolje i neodgovornog pona\u0161anja napokon netko i odgovarati.<\/span><\/span><\/p>\n<p><span style=\"line-height: 107%; font-family: 'Arial',sans-serif; font-size: 12pt;\"><span style=\"color: #000000;\">U prilogu mo\u017eete pogledati presudu Vrhovnog suda Republike Hrvatske.<a href=\"http:\/\/www.szh.hr\/wp-content\/uploads\/2016\/08\/Presuda_Vrhovni_SZH_SHZ.pdf\">Presuda_Vrhovni_SZH_SHZ<\/a><\/span><\/span><\/p>\n<p style=\"text-align: right;\"><strong>Sindikat \u017eeljezni\u010dara Hrvatske<\/strong><\/p>\n<p style=\"text-align: right;\"><strong>Sindikat hrvatskih \u017eeljezni\u010dara<\/strong><\/p>\n","protected":false},"excerpt":{"rendered":"<p>Vrhovni sud Republike Hrvatske pravomo\u0107no je potvrdio Presudu \u017dupanijskog suda u Zagrebu kojom su poni\u0161teni drugi izvanredni izbori za radni\u010dko vije\u0107e provedeni u H\u017d Cargu d.o.o. od 13. do 14. studenog 2015., a koje su organizirali Sindikata strojovo\u0111a Hrvatske i partneri. Va\u017eno je napomenuti da su pravomo\u0107nom presudom prethodno ve\u0107 poni\u0161teni i prvi nezakoniti izbori [&hellip;]<\/p>\n","protected":false},"author":3,"featured_media":6577,"comment_status":"open","ping_status":"open","sticky":false,"template":"","format":"standard","meta":{"_et_pb_use_builder":"","_et_pb_old_content":"","_et_gb_content_width":"","footnotes":""},"categories":[18,3],"tags":[],"class_list":["post-6576","post","type-post","status-publish","format-standard","has-post-thumbnail","hentry","category-hz-cargo","category-novosti"],"_links":{"self":[{"href":"https:\/\/www.szh.hr\/index.php\/wp-json\/wp\/v2\/posts\/6576","targetHints":{"allow":["GET"]}}],"collection":[{"href":"https:\/\/www.szh.hr\/index.php\/wp-json\/wp\/v2\/posts"}],"about":[{"href":"https:\/\/www.szh.hr\/index.php\/wp-json\/wp\/v2\/types\/post"}],"author":[{"embeddable":true,"href":"https:\/\/www.szh.hr\/index.php\/wp-json\/wp\/v2\/users\/3"}],"replies":[{"embeddable":true,"href":"https:\/\/www.szh.hr\/index.php\/wp-json\/wp\/v2\/comments?post=6576"}],"version-history":[{"count":1,"href":"https:\/\/www.szh.hr\/index.php\/wp-json\/wp\/v2\/posts\/6576\/revisions"}],"predecessor-version":[{"id":6579,"href":"https:\/\/www.szh.hr\/index.php\/wp-json\/wp\/v2\/posts\/6576\/revisions\/6579"}],"wp:featuredmedia":[{"embeddable":true,"href":"https:\/\/www.szh.hr\/index.php\/wp-json\/wp\/v2\/media\/6577"}],"wp:attachment":[{"href":"https:\/\/www.szh.hr\/index.php\/wp-json\/wp\/v2\/media?parent=6576"}],"wp:term":[{"taxonomy":"category","embeddable":true,"href":"https:\/\/www.szh.hr\/index.php\/wp-json\/wp\/v2\/categories?post=6576"},{"taxonomy":"post_tag","embeddable":true,"href":"https:\/\/www.szh.hr\/index.php\/wp-json\/wp\/v2\/tags?post=6576"}],"curies":[{"name":"wp","href":"https:\/\/api.w.org\/{rel}","templated":true}]}}