{"id":7014,"date":"2017-03-16T14:01:04","date_gmt":"2017-03-16T14:01:04","guid":{"rendered":"http:\/\/www.szh.hr\/?p=7014"},"modified":"2017-03-20T14:19:15","modified_gmt":"2017-03-20T14:19:15","slug":"europska-federacija-prometnih-radadnika-pise-petrovu-butkovicu-i-coricu","status":"publish","type":"post","link":"https:\/\/www.szh.hr\/index.php\/2017\/03\/16\/europska-federacija-prometnih-radadnika-pise-petrovu-butkovicu-i-coricu\/","title":{"rendered":"Europska federacija prometnih radnika pi\u0161e Petrovu, Butkovi\u0107u i \u0106ori\u0107u"},"content":{"rendered":"<p><a href=\"http:\/\/www.szh.hr\/wp-content\/uploads\/2017\/03\/Pisma.jpg\"><img loading=\"lazy\" decoding=\"async\" class=\"size-medium wp-image-7002 alignleft\" src=\"http:\/\/www.szh.hr\/wp-content\/uploads\/2017\/03\/Pisma-286x300.jpg\" alt=\"Pisma\" width=\"286\" height=\"300\" srcset=\"https:\/\/www.szh.hr\/wp-content\/uploads\/2017\/03\/Pisma-286x300.jpg 286w, https:\/\/www.szh.hr\/wp-content\/uploads\/2017\/03\/Pisma-768x805.jpg 768w, https:\/\/www.szh.hr\/wp-content\/uploads\/2017\/03\/Pisma-976x1024.jpg 976w, https:\/\/www.szh.hr\/wp-content\/uploads\/2017\/03\/Pisma-1080x1133.jpg 1080w, https:\/\/www.szh.hr\/wp-content\/uploads\/2017\/03\/Pisma.jpg 1521w\" sizes=\"(max-width: 286px) 100vw, 286px\" \/><\/a>U ime Europske federacije prometnih radnika\u00a0 (ETF) i vi\u0161e od 840.000 \u017eeljezni\u010dara glavni tajnik ETF-a,\u00a0 Eduardo Chagas, uputio je pismo Bo\u017ei Petrovu, predsjedniku Sabora, Tomislavu \u0106ori\u0107u, ministru rada i mirovinskog sustava te Olegu Butkovi\u0107u, ministru pomorstva, prometa i infrastrukture\u00a0 izra\u017eavaju\u0107i zabrinutost zbog uznemiruju\u0107eg stanja tijekom restrukturiranja dru\u0161tva H\u017d Cargo d.o.o.<\/p>\n<p>Na sastanku Izvr\u0161nog odbora ETF-a od 3. o\u017eujka 2017. u Bruxellesu sudionici su obavje\u0161teni o brojnim poku\u0161ajima\u00a0 u\u0161utkavanja predstavnika radnika kako u dr\u017eavnim tako i u privatnim kompanijama. Obavije\u0161teni su da je u tom javnom poduze\u0107u u tijeku opse\u017ean proces restrukturiranja koji se uglavnom provodi otpu\u0161tanjem radnika, a posebice onih koji su uklju\u010deni u radni\u010dko predstavljanje, a to su \u010dlanovi radni\u010dkog vije\u0107a, sindikalni povjerenici i povjerenici za\u0161tite na radu.<\/p>\n<p>ETF vidi ove doga\u0111aje kao providno zastra\u0161ivanje predstavnika radnika i kao napad na slobodu udru\u017eivanja i prava na organiziranje, a takva praksa je u suprotnosti s temeljnim konvencijama Me\u0111unarodne organizacije rada, C135 i C087 koje je Hrvatska ratificirala.<\/p>\n<p>O\u010dekivalo se da \u0107e se presude nacionalnog suda, koje progla\u0161avaju paralelno izabrano radni\u010dko vije\u0107e u dru\u0161tvu H\u017d Cargo nezakonitim, smatrati jasnim pozivom na bu\u0111enje i zaustavljanje podrivanja zakonitih predstavnika radnika na radnom mjestu. Umjesto toga ministar\u00a0 rada i mirovinskog sustava daje izjave koje pokre\u0107u daljnje slabljenje polo\u017eaja predstavnika radnika, kao i promicanje sli\u010dne prakse u hrvatskim javnim i privatnim tvrtkama.<\/p>\n<p>Kao priznati predstavnik europskih radnika i socijalni partner u Odboru Europskog sektorskog socijalnog dijaloga za \u017eeljeznice ETF isti\u010de va\u017enost radni\u010dkih vije\u0107a kao glasa zaposlenih i njihovu klju\u010dnu ulogu u procesima restrukturiranja.<\/p>\n<p>ETF najsna\u017enije osu\u0111uje bilo kakvo ometanje prava svojih \u010dlanica i poziva Hrvatsku vladu da po\u0161tuje svoje zakonske obveze kao dr\u017eava \u010dlanica Europske unije a osobito s obzirom na socijalna prava.<\/p>\n<p>ETF o\u010dekuje da \u0107e hrvatski premijer pristupiti rje\u0161avanju ovog problema s ozbiljno\u0161\u0107u koju problem zaslu\u017euje.<\/p>\n<p><strong><a href=\"http:\/\/www.szh.hr\/wp-content\/uploads\/2017\/03\/ETF-Protest-letter-following-SZH-fight-to-defend-workers-rights_Parliament.pdf\">Pismo predsjedniku Sabora (PDF)<\/a><\/strong><\/p>\n<p><strong><a href=\"http:\/\/www.szh.hr\/wp-content\/uploads\/2017\/03\/Prijevod.pdf\">Prijevod pisma predsjedniku Sabora\u00a0 (PDF)<\/a><\/strong><\/p>\n","protected":false},"excerpt":{"rendered":"<p>U ime Europske federacije prometnih radnika\u00a0 (ETF) i vi\u0161e od 840.000 \u017eeljezni\u010dara glavni tajnik ETF-a,\u00a0 Eduardo Chagas, uputio je pismo Bo\u017ei Petrovu, predsjedniku Sabora, Tomislavu \u0106ori\u0107u, ministru rada i mirovinskog sustava te Olegu Butkovi\u0107u, ministru pomorstva, prometa i infrastrukture\u00a0 izra\u017eavaju\u0107i zabrinutost zbog uznemiruju\u0107eg stanja tijekom restrukturiranja dru\u0161tva H\u017d Cargo d.o.o. Na sastanku Izvr\u0161nog odbora ETF-a [&hellip;]<\/p>\n","protected":false},"author":3,"featured_media":7002,"comment_status":"open","ping_status":"open","sticky":false,"template":"","format":"standard","meta":{"_et_pb_use_builder":"","_et_pb_old_content":"","_et_gb_content_width":"","footnotes":""},"categories":[16,3],"tags":[],"class_list":["post-7014","post","type-post","status-publish","format-standard","has-post-thumbnail","hentry","category-aktualno","category-novosti"],"_links":{"self":[{"href":"https:\/\/www.szh.hr\/index.php\/wp-json\/wp\/v2\/posts\/7014","targetHints":{"allow":["GET"]}}],"collection":[{"href":"https:\/\/www.szh.hr\/index.php\/wp-json\/wp\/v2\/posts"}],"about":[{"href":"https:\/\/www.szh.hr\/index.php\/wp-json\/wp\/v2\/types\/post"}],"author":[{"embeddable":true,"href":"https:\/\/www.szh.hr\/index.php\/wp-json\/wp\/v2\/users\/3"}],"replies":[{"embeddable":true,"href":"https:\/\/www.szh.hr\/index.php\/wp-json\/wp\/v2\/comments?post=7014"}],"version-history":[{"count":3,"href":"https:\/\/www.szh.hr\/index.php\/wp-json\/wp\/v2\/posts\/7014\/revisions"}],"predecessor-version":[{"id":7018,"href":"https:\/\/www.szh.hr\/index.php\/wp-json\/wp\/v2\/posts\/7014\/revisions\/7018"}],"wp:featuredmedia":[{"embeddable":true,"href":"https:\/\/www.szh.hr\/index.php\/wp-json\/wp\/v2\/media\/7002"}],"wp:attachment":[{"href":"https:\/\/www.szh.hr\/index.php\/wp-json\/wp\/v2\/media?parent=7014"}],"wp:term":[{"taxonomy":"category","embeddable":true,"href":"https:\/\/www.szh.hr\/index.php\/wp-json\/wp\/v2\/categories?post=7014"},{"taxonomy":"post_tag","embeddable":true,"href":"https:\/\/www.szh.hr\/index.php\/wp-json\/wp\/v2\/tags?post=7014"}],"curies":[{"name":"wp","href":"https:\/\/api.w.org\/{rel}","templated":true}]}}