{"id":7260,"date":"2017-10-06T13:43:40","date_gmt":"2017-10-06T13:43:40","guid":{"rendered":"http:\/\/www.szh.hr\/?p=7260"},"modified":"2017-10-06T14:41:35","modified_gmt":"2017-10-06T14:41:35","slug":"tradicija-se-nastavlja-sjecanje-na-antu-eresa","status":"publish","type":"post","link":"https:\/\/www.szh.hr\/index.php\/2017\/10\/06\/tradicija-se-nastavlja-sjecanje-na-antu-eresa\/","title":{"rendered":"Tradicija se nastavlja, sje\u0107anje na Antu Ere\u0161a"},"content":{"rendered":"<p><a href=\"http:\/\/www.szh.hr\/wp-content\/uploads\/2017\/10\/IMG_2828.jpg\"><img loading=\"lazy\" decoding=\"async\" class=\"size-medium wp-image-7263 alignleft\" src=\"http:\/\/www.szh.hr\/wp-content\/uploads\/2017\/10\/IMG_2828-300x200.jpg\" alt=\"IMG_2828\" width=\"300\" height=\"200\" srcset=\"https:\/\/www.szh.hr\/wp-content\/uploads\/2017\/10\/IMG_2828-300x200.jpg 300w, https:\/\/www.szh.hr\/wp-content\/uploads\/2017\/10\/IMG_2828-768x512.jpg 768w, https:\/\/www.szh.hr\/wp-content\/uploads\/2017\/10\/IMG_2828-1024x683.jpg 1024w, https:\/\/www.szh.hr\/wp-content\/uploads\/2017\/10\/IMG_2828-1080x720.jpg 1080w\" sizes=\"(max-width: 300px) 100vw, 300px\" \/><\/a>Dana 5. 10 na obljetnicu pogibiji kolege Ante Ere\u0161a u Nu\u0161tru delegacija sindikata i \u010dlanovi njegove obitelji okupili su se kako bi tradicionalno u \u00a0spomen na njegovu \u017ertvu i \u017ertvu brojnih branitelja, \u017eeljezni\u010dara polo\u017eili vijenac i zapalili svije\u0107e na \u00a0centralnom groblju u Vinkovcima.<\/p>\n<p>&nbsp;<\/p>\n<p>&nbsp;<\/p>\n<p>&nbsp;<\/p>\n<p><a href=\"http:\/\/www.szh.hr\/wp-content\/uploads\/2017\/10\/IMG_2805.jpg\"><img loading=\"lazy\" decoding=\"async\" class=\"alignnone size-medium wp-image-7261\" src=\"http:\/\/www.szh.hr\/wp-content\/uploads\/2017\/10\/IMG_2805-300x200.jpg\" alt=\"IMG_2805\" width=\"300\" height=\"200\" srcset=\"https:\/\/www.szh.hr\/wp-content\/uploads\/2017\/10\/IMG_2805-300x200.jpg 300w, https:\/\/www.szh.hr\/wp-content\/uploads\/2017\/10\/IMG_2805-768x512.jpg 768w, https:\/\/www.szh.hr\/wp-content\/uploads\/2017\/10\/IMG_2805-1024x683.jpg 1024w, https:\/\/www.szh.hr\/wp-content\/uploads\/2017\/10\/IMG_2805-1080x720.jpg 1080w\" sizes=\"(max-width: 300px) 100vw, 300px\" \/><\/a><a href=\"http:\/\/www.szh.hr\/wp-content\/uploads\/2017\/10\/IMG_2817.jpg\"><img loading=\"lazy\" decoding=\"async\" class=\"alignnone size-medium wp-image-7262\" src=\"http:\/\/www.szh.hr\/wp-content\/uploads\/2017\/10\/IMG_2817-300x200.jpg\" alt=\"IMG_2817\" width=\"300\" height=\"200\" srcset=\"https:\/\/www.szh.hr\/wp-content\/uploads\/2017\/10\/IMG_2817-300x200.jpg 300w, https:\/\/www.szh.hr\/wp-content\/uploads\/2017\/10\/IMG_2817-768x512.jpg 768w, https:\/\/www.szh.hr\/wp-content\/uploads\/2017\/10\/IMG_2817-1024x683.jpg 1024w, https:\/\/www.szh.hr\/wp-content\/uploads\/2017\/10\/IMG_2817-1080x720.jpg 1080w\" sizes=\"(max-width: 300px) 100vw, 300px\" \/><\/a><a href=\"http:\/\/www.szh.hr\/wp-content\/uploads\/2017\/10\/IMG_2824-AE.jpg\"><img loading=\"lazy\" decoding=\"async\" class=\"alignnone size-medium wp-image-7264\" src=\"http:\/\/www.szh.hr\/wp-content\/uploads\/2017\/10\/IMG_2824-AE-231x300.jpg\" alt=\"IMG_2824 AE\" width=\"231\" height=\"300\" srcset=\"https:\/\/www.szh.hr\/wp-content\/uploads\/2017\/10\/IMG_2824-AE-231x300.jpg 231w, https:\/\/www.szh.hr\/wp-content\/uploads\/2017\/10\/IMG_2824-AE-768x999.jpg 768w, https:\/\/www.szh.hr\/wp-content\/uploads\/2017\/10\/IMG_2824-AE-787x1024.jpg 787w, https:\/\/www.szh.hr\/wp-content\/uploads\/2017\/10\/IMG_2824-AE-1080x1405.jpg 1080w, https:\/\/www.szh.hr\/wp-content\/uploads\/2017\/10\/IMG_2824-AE.jpg 1975w\" sizes=\"(max-width: 231px) 100vw, 231px\" \/><\/a><\/p>\n","protected":false},"excerpt":{"rendered":"<p>Dana 5. 10 na obljetnicu pogibiji kolege Ante Ere\u0161a u Nu\u0161tru delegacija sindikata i \u010dlanovi njegove obitelji okupili su se kako bi tradicionalno u \u00a0spomen na njegovu \u017ertvu i \u017ertvu brojnih branitelja, \u017eeljezni\u010dara polo\u017eili vijenac i zapalili svije\u0107e na \u00a0centralnom groblju u Vinkovcima. &nbsp; &nbsp; &nbsp;<\/p>\n","protected":false},"author":3,"featured_media":7261,"comment_status":"open","ping_status":"open","sticky":false,"template":"","format":"standard","meta":{"_et_pb_use_builder":"","_et_pb_old_content":"","_et_gb_content_width":"","footnotes":""},"categories":[16,3,1],"tags":[],"class_list":["post-7260","post","type-post","status-publish","format-standard","has-post-thumbnail","hentry","category-aktualno","category-novosti","category-uncategorized"],"_links":{"self":[{"href":"https:\/\/www.szh.hr\/index.php\/wp-json\/wp\/v2\/posts\/7260","targetHints":{"allow":["GET"]}}],"collection":[{"href":"https:\/\/www.szh.hr\/index.php\/wp-json\/wp\/v2\/posts"}],"about":[{"href":"https:\/\/www.szh.hr\/index.php\/wp-json\/wp\/v2\/types\/post"}],"author":[{"embeddable":true,"href":"https:\/\/www.szh.hr\/index.php\/wp-json\/wp\/v2\/users\/3"}],"replies":[{"embeddable":true,"href":"https:\/\/www.szh.hr\/index.php\/wp-json\/wp\/v2\/comments?post=7260"}],"version-history":[{"count":3,"href":"https:\/\/www.szh.hr\/index.php\/wp-json\/wp\/v2\/posts\/7260\/revisions"}],"predecessor-version":[{"id":7267,"href":"https:\/\/www.szh.hr\/index.php\/wp-json\/wp\/v2\/posts\/7260\/revisions\/7267"}],"wp:featuredmedia":[{"embeddable":true,"href":"https:\/\/www.szh.hr\/index.php\/wp-json\/wp\/v2\/media\/7261"}],"wp:attachment":[{"href":"https:\/\/www.szh.hr\/index.php\/wp-json\/wp\/v2\/media?parent=7260"}],"wp:term":[{"taxonomy":"category","embeddable":true,"href":"https:\/\/www.szh.hr\/index.php\/wp-json\/wp\/v2\/categories?post=7260"},{"taxonomy":"post_tag","embeddable":true,"href":"https:\/\/www.szh.hr\/index.php\/wp-json\/wp\/v2\/tags?post=7260"}],"curies":[{"name":"wp","href":"https:\/\/api.w.org\/{rel}","templated":true}]}}