{"id":7292,"date":"2017-12-11T13:37:08","date_gmt":"2017-12-11T13:37:08","guid":{"rendered":"http:\/\/www.szh.hr\/?p=7292"},"modified":"2017-12-11T13:44:09","modified_gmt":"2017-12-11T13:44:09","slug":"odugovlacenje-s-imenovanjem-uprave-steti-hz-cargu","status":"publish","type":"post","link":"https:\/\/www.szh.hr\/index.php\/2017\/12\/11\/odugovlacenje-s-imenovanjem-uprave-steti-hz-cargu\/","title":{"rendered":"Odugovla\u010denje s imenovanjem Uprave \u0161teti H\u017d Cargu"},"content":{"rendered":"<p><a href=\"http:\/\/www.szh.hr\/wp-content\/uploads\/2017\/12\/H\u017d-Cargo.jpg\"><img loading=\"lazy\" decoding=\"async\" class=\"size-medium wp-image-7294 alignleft\" src=\"http:\/\/www.szh.hr\/wp-content\/uploads\/2017\/12\/H\u017d-Cargo-300x200.jpg\" alt=\"H\u017d Cargo\" width=\"300\" height=\"200\" srcset=\"https:\/\/www.szh.hr\/wp-content\/uploads\/2017\/12\/H\u017d-Cargo-300x200.jpg 300w, https:\/\/www.szh.hr\/wp-content\/uploads\/2017\/12\/H\u017d-Cargo-768x511.jpg 768w, https:\/\/www.szh.hr\/wp-content\/uploads\/2017\/12\/H\u017d-Cargo-1024x681.jpg 1024w, https:\/\/www.szh.hr\/wp-content\/uploads\/2017\/12\/H\u017d-Cargo-1080x718.jpg 1080w, https:\/\/www.szh.hr\/wp-content\/uploads\/2017\/12\/H\u017d-Cargo.jpg 1200w\" sizes=\"(max-width: 300px) 100vw, 300px\" \/><\/a>S\u017dH i SH\u017d tra\u017ee da Vlada napokon imenuje Upravu H\u017d Carga te Nadzorne odbore H\u017d Carga i H\u017d Putni\u010dkog prijevoza, upozoravaju\u0107i dana\u0161njim pismom Vladu i resorno ministarstvo na \u0161tetne posljedice daljnjeg odga\u0111anja tih odluka.<\/p>\n<p>Sindikat \u017eeljezni\u010dara Hrvatske i\u00a0Sindikat hrvatskih \u017eeljezni\u010dara ve\u0107 su se obra\u0107ali predsjedniku Vlade, Plenkovi\u0107u i ministru Butkovi\u0107u tra\u017ee\u0107i imenovanje uprava i nadzornih odbora \u017eeljezni\u010dkih tvrtki na puni mandat od 4 godine.<\/p>\n<p>Obzirom na prijeku potrebu \u017eurnog dono\u0161enja dugoro\u010dnih odluka H\u017d Carga, \u010dije nedono\u0161enje \u0107e u kratkom roku sasvim izvjesno dovesti do nelikvidnosti i novih gubitaka u poslovanju, S\u017dH i SH\u017d upozoravaju da neimenovanjem Uprave i NO s punim mandatom Vlada\u00a0 mora preuzeti punu odgovornost za rezultate poslovanja.<\/p>\n<p>Odluke koje ne mo\u017ee donijeti direktor imenovan na mandat <strong>\u201edo 6 mjeseci\u201c <\/strong>su: nastavak i model restrukturiranja, produljenje postoje\u0107eg, ili pregovaranje za novi Kolektivni ugovor, ja\u010danje slu\u017ebe prodaje te izbor kvalitetnih suradnika (kandidati ne \u017eele riskirati da smjenom privremenog direktora mo\u017eda ostanu bez posla).<\/p>\n<p>H\u017d Cargo ve\u0107 dvije godine nema stabilnu Upravu, jer je ve\u0107 Ore\u0161kovi\u0107eva Vlada najavljivala smjene. Iako tada nije u\u010dinjeno ni\u0161ta, postalo je evidentno da biv\u0161a Uprava nema mandat za povla\u010denje ja\u010dih poteza. Prije nekoliko mjeseci imenovan je privremeni direktora s mandatom do izbora Uprave i s ugovorom o radu <strong>\u201edo 6 mjeseci\u201c<\/strong>.<\/p>\n<p>U te dvije godine H\u017d Cargo je mogao postati restrukturirana, konkurentna i stabilna tvrtka, no propustom Vlade RH kao vlasnika, nije u\u010dinjeno ni\u0161ta pa je H\u017d Cargo nastavio gubiti tr\u017ei\u0161nu poziciju.<\/p>\n<p><strong>Svako daljnje odlaganje imenovanja Uprave i NO mo\u017ee imati kobne posljedice za H\u017d Cargo i za njegova k\u0107erinska dru\u0161tva. Zbog toga Vlada RH mora preuzeti odgovornost za sudbinu vi\u0161e od 1600 radnika H\u017d Carga i oko 700 radnika k\u0107erinskih dru\u0161tava H\u017d Carga, ali i za ra\u010dun koji bi mogao do\u0107i na naplatu poreznim obveznicima.<\/strong><\/p>\n<p><strong><a href=\"http:\/\/www.szh.hr\/wp-content\/uploads\/2017\/12\/DOPIS-BROJ-560-17-H\u017e-Cargo.pdf\">Pismo predsjedniku Vlade i ministru\u00a0 (PDF)<\/a><\/strong><\/p>\n","protected":false},"excerpt":{"rendered":"<p>S\u017dH i SH\u017d tra\u017ee da Vlada napokon imenuje Upravu H\u017d Carga te Nadzorne odbore H\u017d Carga i H\u017d Putni\u010dkog prijevoza, upozoravaju\u0107i dana\u0161njim pismom Vladu i resorno ministarstvo na \u0161tetne posljedice daljnjeg odga\u0111anja tih odluka. Sindikat \u017eeljezni\u010dara Hrvatske i\u00a0Sindikat hrvatskih \u017eeljezni\u010dara ve\u0107 su se obra\u0107ali predsjedniku Vlade, Plenkovi\u0107u i ministru Butkovi\u0107u tra\u017ee\u0107i imenovanje uprava i nadzornih [&hellip;]<\/p>\n","protected":false},"author":3,"featured_media":7294,"comment_status":"open","ping_status":"open","sticky":false,"template":"","format":"standard","meta":{"_et_pb_use_builder":"","_et_pb_old_content":"","_et_gb_content_width":"","footnotes":""},"categories":[16,18,3,1],"tags":[],"class_list":["post-7292","post","type-post","status-publish","format-standard","has-post-thumbnail","hentry","category-aktualno","category-hz-cargo","category-novosti","category-uncategorized"],"_links":{"self":[{"href":"https:\/\/www.szh.hr\/index.php\/wp-json\/wp\/v2\/posts\/7292","targetHints":{"allow":["GET"]}}],"collection":[{"href":"https:\/\/www.szh.hr\/index.php\/wp-json\/wp\/v2\/posts"}],"about":[{"href":"https:\/\/www.szh.hr\/index.php\/wp-json\/wp\/v2\/types\/post"}],"author":[{"embeddable":true,"href":"https:\/\/www.szh.hr\/index.php\/wp-json\/wp\/v2\/users\/3"}],"replies":[{"embeddable":true,"href":"https:\/\/www.szh.hr\/index.php\/wp-json\/wp\/v2\/comments?post=7292"}],"version-history":[{"count":6,"href":"https:\/\/www.szh.hr\/index.php\/wp-json\/wp\/v2\/posts\/7292\/revisions"}],"predecessor-version":[{"id":7301,"href":"https:\/\/www.szh.hr\/index.php\/wp-json\/wp\/v2\/posts\/7292\/revisions\/7301"}],"wp:featuredmedia":[{"embeddable":true,"href":"https:\/\/www.szh.hr\/index.php\/wp-json\/wp\/v2\/media\/7294"}],"wp:attachment":[{"href":"https:\/\/www.szh.hr\/index.php\/wp-json\/wp\/v2\/media?parent=7292"}],"wp:term":[{"taxonomy":"category","embeddable":true,"href":"https:\/\/www.szh.hr\/index.php\/wp-json\/wp\/v2\/categories?post=7292"},{"taxonomy":"post_tag","embeddable":true,"href":"https:\/\/www.szh.hr\/index.php\/wp-json\/wp\/v2\/tags?post=7292"}],"curies":[{"name":"wp","href":"https:\/\/api.w.org\/{rel}","templated":true}]}}