{"id":7434,"date":"2018-05-01T01:00:52","date_gmt":"2018-05-01T01:00:52","guid":{"rendered":"http:\/\/www.szh.hr\/?p=7434"},"modified":"2018-04-30T18:24:43","modified_gmt":"2018-04-30T18:24:43","slug":"cestitamo-medunarodni-praznik-rada","status":"publish","type":"post","link":"https:\/\/www.szh.hr\/index.php\/2018\/05\/01\/cestitamo-medunarodni-praznik-rada\/","title":{"rendered":"\u010cestitamo Me\u0111unarodni praznik rada"},"content":{"rendered":"<p><a href=\"http:\/\/www.szh.hr\/wp-content\/uploads\/2017\/04\/acca098b50c6960af1fc919a2698a4af_w680_h440_cp.jpg\"><img loading=\"lazy\" decoding=\"async\" class=\"size-medium wp-image-7090 alignleft\" src=\"http:\/\/www.szh.hr\/wp-content\/uploads\/2017\/04\/acca098b50c6960af1fc919a2698a4af_w680_h440_cp-300x194.jpg\" alt=\"acca098b50c6960af1fc919a2698a4af_w680_h440_cp\" width=\"300\" height=\"194\" srcset=\"https:\/\/www.szh.hr\/wp-content\/uploads\/2017\/04\/acca098b50c6960af1fc919a2698a4af_w680_h440_cp-300x194.jpg 300w, https:\/\/www.szh.hr\/wp-content\/uploads\/2017\/04\/acca098b50c6960af1fc919a2698a4af_w680_h440_cp.jpg 680w\" sizes=\"(max-width: 300px) 100vw, 300px\" \/><\/a>Svim \u010dlanicama i \u010dlanovima Sindikata \u017eeljezni\u010dara Hrvatske i svima posjetiteljima na\u0161e stranice \u010destitamo\u00a0\u00a0<b>Me\u0111unarodni praznik rada.<\/b><\/p>\n<p>Me\u0111unarodni praznik rada po\u010deo se obilje\u017eavati 1. Svibnja kao spomen na velike radni\u010dke demonstracije odr\u017eane u Chicagu dana 1. svibnja 1886. godine, kada je u sukobima s policijom poginulo vi\u0161e od dvije stotine radnika, a osmero je radnika osu\u0111eno na smrt.<\/p>\n<p>U ovom je obliku prvi svibnja postao me\u0111unarodno slavlje socijalnih i ekonomskih uspjeha radni\u010dke klase i sindikalnog pokreta.<\/p>\n<p>&nbsp;<\/p>\n","protected":false},"excerpt":{"rendered":"<p>Svim \u010dlanicama i \u010dlanovima Sindikata \u017eeljezni\u010dara Hrvatske i svima posjetiteljima na\u0161e stranice \u010destitamo\u00a0\u00a0Me\u0111unarodni praznik rada. Me\u0111unarodni praznik rada po\u010deo se obilje\u017eavati 1. Svibnja kao spomen na velike radni\u010dke demonstracije odr\u017eane u Chicagu dana 1. svibnja 1886. godine, kada je u sukobima s policijom poginulo vi\u0161e od dvije stotine radnika, a osmero je radnika osu\u0111eno na [&hellip;]<\/p>\n","protected":false},"author":3,"featured_media":7090,"comment_status":"open","ping_status":"open","sticky":false,"template":"","format":"standard","meta":{"_et_pb_use_builder":"","_et_pb_old_content":"","_et_gb_content_width":"","footnotes":""},"categories":[16,3,1],"tags":[],"class_list":["post-7434","post","type-post","status-publish","format-standard","has-post-thumbnail","hentry","category-aktualno","category-novosti","category-uncategorized"],"_links":{"self":[{"href":"https:\/\/www.szh.hr\/index.php\/wp-json\/wp\/v2\/posts\/7434","targetHints":{"allow":["GET"]}}],"collection":[{"href":"https:\/\/www.szh.hr\/index.php\/wp-json\/wp\/v2\/posts"}],"about":[{"href":"https:\/\/www.szh.hr\/index.php\/wp-json\/wp\/v2\/types\/post"}],"author":[{"embeddable":true,"href":"https:\/\/www.szh.hr\/index.php\/wp-json\/wp\/v2\/users\/3"}],"replies":[{"embeddable":true,"href":"https:\/\/www.szh.hr\/index.php\/wp-json\/wp\/v2\/comments?post=7434"}],"version-history":[{"count":3,"href":"https:\/\/www.szh.hr\/index.php\/wp-json\/wp\/v2\/posts\/7434\/revisions"}],"predecessor-version":[{"id":7437,"href":"https:\/\/www.szh.hr\/index.php\/wp-json\/wp\/v2\/posts\/7434\/revisions\/7437"}],"wp:featuredmedia":[{"embeddable":true,"href":"https:\/\/www.szh.hr\/index.php\/wp-json\/wp\/v2\/media\/7090"}],"wp:attachment":[{"href":"https:\/\/www.szh.hr\/index.php\/wp-json\/wp\/v2\/media?parent=7434"}],"wp:term":[{"taxonomy":"category","embeddable":true,"href":"https:\/\/www.szh.hr\/index.php\/wp-json\/wp\/v2\/categories?post=7434"},{"taxonomy":"post_tag","embeddable":true,"href":"https:\/\/www.szh.hr\/index.php\/wp-json\/wp\/v2\/tags?post=7434"}],"curies":[{"name":"wp","href":"https:\/\/api.w.org\/{rel}","templated":true}]}}