{"id":7870,"date":"2019-11-15T22:01:54","date_gmt":"2019-11-15T22:01:54","guid":{"rendered":"http:\/\/www.szh.hr\/?p=7870"},"modified":"2019-11-18T14:17:14","modified_gmt":"2019-11-18T14:17:14","slug":"priopcenje-reprezentativnih-sindikata","status":"publish","type":"post","link":"https:\/\/www.szh.hr\/index.php\/2019\/11\/15\/priopcenje-reprezentativnih-sindikata\/","title":{"rendered":"Priop\u0107enje reprezentativnih sindikata"},"content":{"rendered":"<p><a href=\"http:\/\/www.szh.hr\/wp-content\/uploads\/2019\/11\/IMG_20191115_225424.png\"><img loading=\"lazy\" decoding=\"async\" class=\"size-medium wp-image-7873 alignleft\" src=\"http:\/\/www.szh.hr\/wp-content\/uploads\/2019\/11\/IMG_20191115_225424-219x300.png\" alt=\"\" width=\"219\" height=\"300\" srcset=\"https:\/\/www.szh.hr\/wp-content\/uploads\/2019\/11\/IMG_20191115_225424-219x300.png 219w, https:\/\/www.szh.hr\/wp-content\/uploads\/2019\/11\/IMG_20191115_225424-768x1052.png 768w, https:\/\/www.szh.hr\/wp-content\/uploads\/2019\/11\/IMG_20191115_225424-748x1024.png 748w, https:\/\/www.szh.hr\/wp-content\/uploads\/2019\/11\/IMG_20191115_225424.png 1080w\" sizes=\"(max-width: 219px) 100vw, 219px\" \/><\/a>Pregovara\u010dki odbor poslodavca dostavio je sindikatima\u00a0 u\u00a0 dru\u0161tvu H\u017d Infrastruktura\u00a0 svoj cjeloviti prijedlog Kolektivnog ugovora koji je za radnike izrazito nepovoljan.<\/p>\n<p>Sva tri sindikata izdala su zajedni\u010dko priop\u0107enje kojim nagla\u0161avaju neprihvatljivost\u00a0 takvog prijedloga posebno kad se uzme u obzir \u010dinjenica da se prava radnika u H\u017d Infrastrukturi nisu pove\u0107avala od 2007. godine<\/p>\n<p><strong><a href=\"http:\/\/www.szh.hr\/wp-content\/uploads\/2019\/11\/Sindikati_priop\u0107enje_lll-15-11-2019-1.pdf\">Priop\u0107enje reprezentativnih sindikata\u00a0 (PDF)<\/a><\/strong><\/p>\n","protected":false},"excerpt":{"rendered":"<p>Pregovara\u010dki odbor poslodavca dostavio je sindikatima\u00a0 u\u00a0 dru\u0161tvu H\u017d Infrastruktura\u00a0 svoj cjeloviti prijedlog Kolektivnog ugovora koji je za radnike izrazito nepovoljan. Sva tri sindikata izdala su zajedni\u010dko priop\u0107enje kojim nagla\u0161avaju neprihvatljivost\u00a0 takvog prijedloga posebno kad se uzme u obzir \u010dinjenica da se prava radnika u H\u017d Infrastrukturi nisu pove\u0107avala od 2007. godine Priop\u0107enje reprezentativnih sindikata\u00a0 [&hellip;]<\/p>\n","protected":false},"author":3,"featured_media":7873,"comment_status":"open","ping_status":"open","sticky":false,"template":"","format":"standard","meta":{"_et_pb_use_builder":"","_et_pb_old_content":"","_et_gb_content_width":"","footnotes":""},"categories":[16,19,3,1],"tags":[],"class_list":["post-7870","post","type-post","status-publish","format-standard","has-post-thumbnail","hentry","category-aktualno","category-hz-infrastruktura","category-novosti","category-uncategorized"],"_links":{"self":[{"href":"https:\/\/www.szh.hr\/index.php\/wp-json\/wp\/v2\/posts\/7870","targetHints":{"allow":["GET"]}}],"collection":[{"href":"https:\/\/www.szh.hr\/index.php\/wp-json\/wp\/v2\/posts"}],"about":[{"href":"https:\/\/www.szh.hr\/index.php\/wp-json\/wp\/v2\/types\/post"}],"author":[{"embeddable":true,"href":"https:\/\/www.szh.hr\/index.php\/wp-json\/wp\/v2\/users\/3"}],"replies":[{"embeddable":true,"href":"https:\/\/www.szh.hr\/index.php\/wp-json\/wp\/v2\/comments?post=7870"}],"version-history":[{"count":4,"href":"https:\/\/www.szh.hr\/index.php\/wp-json\/wp\/v2\/posts\/7870\/revisions"}],"predecessor-version":[{"id":7881,"href":"https:\/\/www.szh.hr\/index.php\/wp-json\/wp\/v2\/posts\/7870\/revisions\/7881"}],"wp:featuredmedia":[{"embeddable":true,"href":"https:\/\/www.szh.hr\/index.php\/wp-json\/wp\/v2\/media\/7873"}],"wp:attachment":[{"href":"https:\/\/www.szh.hr\/index.php\/wp-json\/wp\/v2\/media?parent=7870"}],"wp:term":[{"taxonomy":"category","embeddable":true,"href":"https:\/\/www.szh.hr\/index.php\/wp-json\/wp\/v2\/categories?post=7870"},{"taxonomy":"post_tag","embeddable":true,"href":"https:\/\/www.szh.hr\/index.php\/wp-json\/wp\/v2\/tags?post=7870"}],"curies":[{"name":"wp","href":"https:\/\/api.w.org\/{rel}","templated":true}]}}