{"id":8318,"date":"2023-07-21T11:18:24","date_gmt":"2023-07-21T11:18:24","guid":{"rendered":"http:\/\/www.szh.hr\/?p=8318"},"modified":"2023-07-24T11:20:43","modified_gmt":"2023-07-24T11:20:43","slug":"zavrseni-kolektivni-pregovori-za-sklapanje-l-aneksa-ku-hz-infrastrukture","status":"publish","type":"post","link":"https:\/\/www.szh.hr\/index.php\/2023\/07\/21\/zavrseni-kolektivni-pregovori-za-sklapanje-l-aneksa-ku-hz-infrastrukture\/","title":{"rendered":"Zavr\u0161eni kolektivni pregovori za sklapanje l. aneksa KU H\u017d Infrastrukture"},"content":{"rendered":"<div class=\"x11i5rnm xat24cr x1mh8g0r x1vvkbs xtlvy1s x126k92a\">\n<div dir=\"auto\">Postignutim dogovorom oko sadr\u017eaja I. aneksa KU H\u017d Infrastrukture ju\u010der su okon\u010dani kolektivni pregovori zapo\u010deti 26. svibnja 2023. godine.<\/div>\n<\/div>\n<div class=\"x11i5rnm xat24cr x1mh8g0r x1vvkbs xtlvy1s x126k92a\">\n<div dir=\"auto\">Ovim aneksom napravljen je jo\u0161 jedan pozitivan iskorak u pobolj\u0161anju materijalnih prava radnika H\u017d Infrastrukture.<\/div>\n<div dir=\"auto\"><\/div>\n<\/div>\n<div class=\"x11i5rnm xat24cr x1mh8g0r x1vvkbs xtlvy1s x126k92a\">\n<div dir=\"auto\">Ovakav ishod u kolektivnim pregovorima prije svega zasluga je radnika koji su \u010dlanovi reprezentativnih sindikata i koji svojim \u010dlanstvom ja\u010daju poziciju svojih predstavnika u kolektivnim pregovorima na korist svih radnika H\u017d Infrastrukture.<\/div>\n<div dir=\"auto\"><\/div>\n<\/div>\n<div class=\"x11i5rnm xat24cr x1mh8g0r x1vvkbs xtlvy1s x126k92a\">\n<div dir=\"auto\">O sadr\u017eaju samog aneksa \u0107emo Vas obavijestiti \u010dim isti bude i slu\u017ebeno potpisan, \u0161to o\u010dekujemo najkasnije u ponedjeljak, 24. srpnja 2023. Do tada sve informacije o detaljima mo\u017eete dobiti kod povjerenika reprezentativnih sindikata.<\/div>\n<\/div>\n","protected":false},"excerpt":{"rendered":"<p>Postignutim dogovorom oko sadr\u017eaja I. aneksa KU H\u017d Infrastrukture ju\u010der su okon\u010dani kolektivni pregovori zapo\u010deti 26. svibnja 2023. godine. Ovim aneksom napravljen je jo\u0161 jedan pozitivan iskorak u pobolj\u0161anju materijalnih prava radnika H\u017d Infrastrukture. Ovakav ishod u kolektivnim pregovorima prije svega zasluga je radnika koji su \u010dlanovi reprezentativnih sindikata i koji svojim \u010dlanstvom ja\u010daju poziciju [&hellip;]<\/p>\n","protected":false},"author":3,"featured_media":8319,"comment_status":"open","ping_status":"open","sticky":false,"template":"","format":"standard","meta":{"_et_pb_use_builder":"","_et_pb_old_content":"","_et_gb_content_width":"","footnotes":""},"categories":[22,16,19,3],"tags":[],"class_list":["post-8318","post","type-post","status-publish","format-standard","has-post-thumbnail","hentry","category-aktivnosti-u-tijeku","category-aktualno","category-hz-infrastruktura","category-novosti"],"_links":{"self":[{"href":"https:\/\/www.szh.hr\/index.php\/wp-json\/wp\/v2\/posts\/8318","targetHints":{"allow":["GET"]}}],"collection":[{"href":"https:\/\/www.szh.hr\/index.php\/wp-json\/wp\/v2\/posts"}],"about":[{"href":"https:\/\/www.szh.hr\/index.php\/wp-json\/wp\/v2\/types\/post"}],"author":[{"embeddable":true,"href":"https:\/\/www.szh.hr\/index.php\/wp-json\/wp\/v2\/users\/3"}],"replies":[{"embeddable":true,"href":"https:\/\/www.szh.hr\/index.php\/wp-json\/wp\/v2\/comments?post=8318"}],"version-history":[{"count":1,"href":"https:\/\/www.szh.hr\/index.php\/wp-json\/wp\/v2\/posts\/8318\/revisions"}],"predecessor-version":[{"id":8320,"href":"https:\/\/www.szh.hr\/index.php\/wp-json\/wp\/v2\/posts\/8318\/revisions\/8320"}],"wp:featuredmedia":[{"embeddable":true,"href":"https:\/\/www.szh.hr\/index.php\/wp-json\/wp\/v2\/media\/8319"}],"wp:attachment":[{"href":"https:\/\/www.szh.hr\/index.php\/wp-json\/wp\/v2\/media?parent=8318"}],"wp:term":[{"taxonomy":"category","embeddable":true,"href":"https:\/\/www.szh.hr\/index.php\/wp-json\/wp\/v2\/categories?post=8318"},{"taxonomy":"post_tag","embeddable":true,"href":"https:\/\/www.szh.hr\/index.php\/wp-json\/wp\/v2\/tags?post=8318"}],"curies":[{"name":"wp","href":"https:\/\/api.w.org\/{rel}","templated":true}]}}